{"id":1058,"date":"2020-03-09T11:55:58","date_gmt":"2020-03-09T10:55:58","guid":{"rendered":"https:\/\/medlight.pl\/blog\/?p=1058"},"modified":"2020-04-10T13:41:57","modified_gmt":"2020-04-10T11:41:57","slug":"xxi-kongres-dermatologii-estetycznej-i-medycyny-anti-aging","status":"publish","type":"post","link":"https:\/\/medlight.pl\/blog\/xxi-kongres-dermatologii-estetycznej-i-medycyny-anti-aging\/","title":{"rendered":"XXI Kongres Dermatologii Estetycznej i Medycyny Anti-Aging"},"content":{"rendered":"\n<figure class=\"wp-block-image\"><img loading=\"lazy\" decoding=\"async\" width=\"768\" height=\"1024\" src=\"https:\/\/medlight.pl\/blog\/wp-content\/uploads\/2020\/03\/IMG-5d69a0cd3a0a74e47f58ac29052da815-V12090-768x1024.jpg\" alt=\"\" class=\"wp-image-1059\" srcset=\"https:\/\/medlight.pl\/blog\/wp-content\/uploads\/2020\/03\/IMG-5d69a0cd3a0a74e47f58ac29052da815-V12090-768x1024.jpg 768w, https:\/\/medlight.pl\/blog\/wp-content\/uploads\/2020\/03\/IMG-5d69a0cd3a0a74e47f58ac29052da815-V12090-225x300.jpg 225w, https:\/\/medlight.pl\/blog\/wp-content\/uploads\/2020\/03\/IMG-5d69a0cd3a0a74e47f58ac29052da815-V12090.jpg 1200w\" sizes=\"auto, (max-width: 768px) 100vw, 768px\" \/><\/figure>\n\n\n\n<p class=\"wp-block-paragraph\">Stowarzyszenie Lekarzy Dermatolog\u00f3w Estetycznych raz w roku organizuje spotkanie dla lekarzy, kt\u00f3rzy swoj\u0105 karier\u0119 zawodow\u0105 zwi\u0105zali z t\u0105 niezwykle pr\u0119\u017cnie rozwijaj\u0105c\u0105 si\u0119 dziedzin\u0105 medycyny. Jest to najwi\u0119ksze i najwa\u017cniejsze wydarzenie w naszej bran\u017cy.<\/p>\n\n\n\n<p class=\"wp-block-paragraph\">Precyzyjnie wyselekcjonowane tematy przedstawiane w trakcie 3-dniowego spotkania s\u0105 okazj\u0105 do zapoznania si\u0119 z nowo\u015bciami, ale przede wszystkim do pog\u0142\u0119bienia wiedzy i wymiany do\u015bwiadcze\u0144.<\/p>\n\n\n\n<p class=\"wp-block-paragraph\">Starannie przygotowywany program obejmuje zar\u00f3wno zagadnienia teoretyczne, jak r\u00f3wnie\u017c pokazy technik zabiegowych. Wysoki poziom merytoryczny zapewniaj\u0105 wyk\u0142ady najlepszych specjalist\u00f3w z kraju i ze \u015bwiata.<\/p>\n\n\n\n<p class=\"wp-block-paragraph\">Nieod\u0142\u0105cznym elementem Kongresu jest r\u00f3wnie\u017c udzia\u0142 wystawc\u00f3w, kt\u00f3rzy przedstawiaj\u0105 bogat\u0105 ofert\u0119 produkt\u00f3w wykorzystywanych w codziennej praktyce lekarskiej.<\/p>\n\n\n\n<p class=\"wp-block-paragraph\">Mi\u0119dzynarodowy Kongres Medycyny Estetycznej i Anti-Aging organizowany przez Polskie Towarzystwo Medycyny Estetycznej i Anti-Aging to najwi\u0119ksze w Europie \u015arodkowo-Wschodniej, a tak\u017ce drugie po rzymskiej konferencji w ca\u0142ej Europie, wydarzenie po\u015bwi\u0119cone medycynie estetycznej.<\/p>\n\n\n\n<figure><iframe loading=\"lazy\" width=\"560\" height=\"315\" src=\"https:\/\/www.youtube.com\/embed\/u5sxn0ygWH8\" allowfullscreen=\"\"><\/iframe><\/figure>\n\n\n\n<p class=\"wp-block-paragraph\">Nie zabrak\u0142o r\u00f3wnie\u017c nas tj. Zepter i naszego produktu medycznego jakim jest <a href=\"https:\/\/medlight.pl\/7-lampy-bioptron\">Lampa Bioptron<\/a>, <a href=\"https:\/\/medlight.pl\/8-filtry-bioptron\">koloroterapii<\/a> i <a href=\"https:\/\/medlight.pl\/50-okulary-fulerenowe\">okular\u00f3w fulerenowych<\/a>. Sporym zainteresowaniem cieszy si\u0119 r\u00f3wnie\u017c oczyszczacza powietrza <a href=\"https:\/\/medlight.pl\/19-oczyszczacze-powietrza\">Therapy Air iOn.<\/a> Nasze urz\u0105dzenia s\u0105 wykorzystywane w\u015br\u00f3d lekarzy. Sami stosuj\u0105c przekazali nas wiele cennych informacji.<\/p>\n\n\n\n<p class=\"wp-block-paragraph\">Zapraszamy na kolejne   <strong>24-27 wrze\u015bnia 2020 r.<\/strong> <\/p>\n\n\n\n<p class=\"wp-block-paragraph\"><\/p>\n","protected":false},"excerpt":{"rendered":"<p>Stowarzyszenie Lekarzy Dermatolog\u00f3w Estetycznych raz w roku organizuje spotkanie dla lekarzy, kt\u00f3rzy swoj\u0105 karier\u0119 zawodow\u0105 zwi\u0105zali z t\u0105 niezwykle pr\u0119\u017cnie rozwijaj\u0105c\u0105 si\u0119 dziedzin\u0105 medycyny. Jest to najwi\u0119ksze i najwa\u017cniejsze wydarzenie w naszej bran\u017cy. Precyzyjnie wyselekcjonowane tematy przedstawiane w trakcie 3-dniowego spotkania s\u0105 okazj\u0105 do zapoznania si\u0119 z nowo\u015bciami, ale przede wszystkim do pog\u0142\u0119bienia wiedzy i wymiany do\u015bwiadcze\u0144. Starannie przygotowywany program obejmuje zar\u00f3wno zagadnienia teoretyczne, jak r\u00f3wnie\u017c pokazy technik zabiegowych. Wysoki poziom merytoryczny zapewniaj\u0105 wyk\u0142ady najlepszych specjalist\u00f3w z kraju i ze \u015bwiata. Nieod\u0142\u0105cznym elementem Kongresu jest r\u00f3wnie\u017c udzia\u0142 wystawc\u00f3w, kt\u00f3rzy przedstawiaj\u0105 bogat\u0105 ofert\u0119 produkt\u00f3w wykorzystywanych w codziennej praktyce lekarskiej. Mi\u0119dzynarodowy Kongres Medycyny Estetycznej i Anti-Aging organizowany przez Polskie Towarzystwo Medycyny Estetycznej i Anti-Aging to najwi\u0119ksze w Europie \u015arodkowo-Wschodniej, a tak\u017ce drugie po rzymskiej konferencji w ca\u0142ej Europie, wydarzenie po\u015bwi\u0119cone medycynie estetycznej. Nie zabrak\u0142o r\u00f3wnie\u017c nas tj. Zepter i naszego produktu medycznego jakim jest Lampa Bioptron, koloroterapii i okular\u00f3w fulerenowych. Sporym zainteresowaniem cieszy si\u0119 r\u00f3wnie\u017c oczyszczacza powietrza Therapy Air iOn. Nasze urz\u0105dzenia s\u0105 wykorzystywane w\u015br\u00f3d lekarzy. Sami stosuj\u0105c przekazali nas wiele cennych informacji. Zapraszamy na kolejne 24-27 wrze\u015bnia 2020 r.<\/p>\n","protected":false},"author":1,"featured_media":1062,"comment_status":"closed","ping_status":"closed","sticky":false,"template":"","format":"standard","meta":{"_monsterinsights_skip_tracking":false,"_jetpack_newsletter_access":"","_jetpack_dont_email_post_to_subs":false,"_jetpack_newsletter_tier_id":0,"_jetpack_memberships_contains_paywalled_content":false,"_jetpack_feature_clip_id":0,"_jetpack_memberships_contains_paid_content":false,"footnotes":"","jetpack_publicize_message":"","jetpack_publicize_feature_enabled":true,"jetpack_social_post_already_shared":false,"jetpack_social_options":{"image_generator_settings":{"template":"highway","default_image_id":0,"font":"","enabled":false},"version":2},"jetpack_post_was_ever_published":false},"categories":[793],"tags":[163,6,1343,1337,403,1576,1562,371,36],"class_list":["post-1058","post","type-post","status-publish","format-standard","has-post-thumbnail","hentry","category-wydarzenia","tag-anti-aging","tag-bioptron","tag-estetycznej","tag-kongres","tag-medycyny","tag-polskie-towarzystwo-medycyny-estetycznej-i-anti-aging","tag-therapy-air-ion","tag-warszawa","tag-zepter"],"yoast_head":"<!-- This site is optimized with the Yoast SEO plugin v28.3 - https:\/\/yoast.com\/product\/yoast-seo-wordpress\/ -->\n<title>XXI Kongres Dermatologii Estetycznej i Medycyny Anti-Aging - Przedstawiciel produkt\u00f3w Zepter \/ Bioptron - Gwarancja Niskich Cen<\/title>\n<meta name=\"robots\" content=\"index, follow, max-snippet:-1, max-image-preview:large, max-video-preview:-1\" \/>\n<link rel=\"canonical\" href=\"https:\/\/medlight.pl\/blog\/xxi-kongres-dermatologii-estetycznej-i-medycyny-anti-aging\/\" \/>\n<meta property=\"og:locale\" content=\"pl_PL\" \/>\n<meta property=\"og:type\" content=\"article\" \/>\n<meta property=\"og:title\" content=\"XXI Kongres Dermatologii Estetycznej i Medycyny Anti-Aging - Przedstawiciel produkt\u00f3w Zepter \/ Bioptron - Gwarancja Niskich Cen\" \/>\n<meta property=\"og:description\" content=\"Stowarzyszenie Lekarzy Dermatolog\u00f3w Estetycznych raz w roku organizuje spotkanie dla lekarzy, kt\u00f3rzy swoj\u0105 karier\u0119 zawodow\u0105 zwi\u0105zali z t\u0105 niezwykle pr\u0119\u017cnie rozwijaj\u0105c\u0105 si\u0119 dziedzin\u0105 medycyny. Jest to najwi\u0119ksze i najwa\u017cniejsze wydarzenie w naszej bran\u017cy. Precyzyjnie wyselekcjonowane tematy przedstawiane w trakcie 3-dniowego spotkania s\u0105 okazj\u0105 do zapoznania si\u0119 z nowo\u015bciami, ale przede wszystkim do pog\u0142\u0119bienia wiedzy i wymiany do\u015bwiadcze\u0144. Starannie przygotowywany program obejmuje zar\u00f3wno zagadnienia teoretyczne, jak r\u00f3wnie\u017c pokazy technik zabiegowych. Wysoki poziom merytoryczny zapewniaj\u0105 wyk\u0142ady najlepszych specjalist\u00f3w z kraju i ze \u015bwiata. Nieod\u0142\u0105cznym elementem Kongresu jest r\u00f3wnie\u017c udzia\u0142 wystawc\u00f3w, kt\u00f3rzy przedstawiaj\u0105 bogat\u0105 ofert\u0119 produkt\u00f3w wykorzystywanych w codziennej praktyce lekarskiej. Mi\u0119dzynarodowy Kongres Medycyny Estetycznej i Anti-Aging organizowany przez Polskie Towarzystwo Medycyny Estetycznej i Anti-Aging to najwi\u0119ksze w Europie \u015arodkowo-Wschodniej, a tak\u017ce drugie po rzymskiej konferencji w ca\u0142ej Europie, wydarzenie po\u015bwi\u0119cone medycynie estetycznej. Nie zabrak\u0142o r\u00f3wnie\u017c nas tj. Zepter i naszego produktu medycznego jakim jest Lampa Bioptron, koloroterapii i okular\u00f3w fulerenowych. Sporym zainteresowaniem cieszy si\u0119 r\u00f3wnie\u017c oczyszczacza powietrza Therapy Air iOn. Nasze urz\u0105dzenia s\u0105 wykorzystywane w\u015br\u00f3d lekarzy. Sami stosuj\u0105c przekazali nas wiele cennych informacji. Zapraszamy na kolejne 24-27 wrze\u015bnia 2020 r.\" \/>\n<meta property=\"og:url\" content=\"https:\/\/medlight.pl\/blog\/xxi-kongres-dermatologii-estetycznej-i-medycyny-anti-aging\/\" \/>\n<meta property=\"og:site_name\" content=\"Przedstawiciel produkt\u00f3w Zepter \/ Bioptron - Gwarancja Niskich Cen\" \/>\n<meta property=\"article:publisher\" content=\"https:\/\/www.facebook.com\/medlightpl-104577625396777\" \/>\n<meta property=\"article:author\" content=\"https:\/\/www.facebook.com\/ProduktyZepter\" \/>\n<meta property=\"article:published_time\" content=\"2020-03-09T10:55:58+00:00\" \/>\n<meta property=\"article:modified_time\" content=\"2020-04-10T11:41:57+00:00\" \/>\n<meta property=\"og:image\" content=\"https:\/\/medlight.pl\/blog\/wp-content\/uploads\/2020\/03\/anty.png\" \/>\n\t<meta property=\"og:image:width\" content=\"1760\" \/>\n\t<meta property=\"og:image:height\" content=\"852\" \/>\n\t<meta property=\"og:image:type\" content=\"image\/png\" \/>\n<meta name=\"author\" content=\"Przedstawiciel Zepter \/ Bioptron\" \/>\n<meta name=\"twitter:card\" content=\"summary_large_image\" \/>\n<meta name=\"twitter:creator\" content=\"@https:\/\/twitter.com\/sylwiachochol\" \/>\n<meta name=\"twitter:site\" content=\"@sylwiachochol\" \/>\n<meta name=\"twitter:label1\" content=\"Napisane przez\" \/>\n\t<meta name=\"twitter:data1\" content=\"Przedstawiciel Zepter \/ Bioptron\" \/>\n\t<meta name=\"twitter:label2\" content=\"Szacowany czas czytania\" \/>\n\t<meta name=\"twitter:data2\" content=\"1 minuta\" \/>\n<script type=\"application\/ld+json\" class=\"yoast-schema-graph\">{\"@context\":\"https:\\\/\\\/schema.org\",\"@graph\":[{\"@type\":\"Article\",\"@id\":\"https:\\\/\\\/medlight.pl\\\/blog\\\/xxi-kongres-dermatologii-estetycznej-i-medycyny-anti-aging\\\/#article\",\"isPartOf\":{\"@id\":\"https:\\\/\\\/medlight.pl\\\/blog\\\/xxi-kongres-dermatologii-estetycznej-i-medycyny-anti-aging\\\/\"},\"author\":{\"name\":\"Przedstawiciel Zepter \\\/ Bioptron\",\"@id\":\"https:\\\/\\\/medlight.pl\\\/blog\\\/#\\\/schema\\\/person\\\/423f91cf9010dcbeeb690f416f042428\"},\"headline\":\"XXI Kongres Dermatologii Estetycznej i Medycyny Anti-Aging\",\"datePublished\":\"2020-03-09T10:55:58+00:00\",\"dateModified\":\"2020-04-10T11:41:57+00:00\",\"mainEntityOfPage\":{\"@id\":\"https:\\\/\\\/medlight.pl\\\/blog\\\/xxi-kongres-dermatologii-estetycznej-i-medycyny-anti-aging\\\/\"},\"wordCount\":219,\"publisher\":{\"@id\":\"https:\\\/\\\/medlight.pl\\\/blog\\\/#organization\"},\"image\":{\"@id\":\"https:\\\/\\\/medlight.pl\\\/blog\\\/xxi-kongres-dermatologii-estetycznej-i-medycyny-anti-aging\\\/#primaryimage\"},\"thumbnailUrl\":\"https:\\\/\\\/medlight.pl\\\/blog\\\/wp-content\\\/uploads\\\/2020\\\/03\\\/anty.png\",\"keywords\":[\"ANTI-AGING\",\"bioptron\",\"estetycznej\",\"kongres\",\"medycyny\",\"polskie towarzystwo medycyny estetycznej i anti-aging\",\"therapy air ion\",\"Warszawa\",\"zepter\"],\"articleSection\":[\"Wydarzenia\"],\"inLanguage\":\"pl-PL\"},{\"@type\":\"WebPage\",\"@id\":\"https:\\\/\\\/medlight.pl\\\/blog\\\/xxi-kongres-dermatologii-estetycznej-i-medycyny-anti-aging\\\/\",\"url\":\"https:\\\/\\\/medlight.pl\\\/blog\\\/xxi-kongres-dermatologii-estetycznej-i-medycyny-anti-aging\\\/\",\"name\":\"XXI Kongres Dermatologii Estetycznej i Medycyny Anti-Aging - Przedstawiciel produkt\u00f3w Zepter \\\/ Bioptron - Gwarancja Niskich Cen\",\"isPartOf\":{\"@id\":\"https:\\\/\\\/medlight.pl\\\/blog\\\/#website\"},\"primaryImageOfPage\":{\"@id\":\"https:\\\/\\\/medlight.pl\\\/blog\\\/xxi-kongres-dermatologii-estetycznej-i-medycyny-anti-aging\\\/#primaryimage\"},\"image\":{\"@id\":\"https:\\\/\\\/medlight.pl\\\/blog\\\/xxi-kongres-dermatologii-estetycznej-i-medycyny-anti-aging\\\/#primaryimage\"},\"thumbnailUrl\":\"https:\\\/\\\/medlight.pl\\\/blog\\\/wp-content\\\/uploads\\\/2020\\\/03\\\/anty.png\",\"datePublished\":\"2020-03-09T10:55:58+00:00\",\"dateModified\":\"2020-04-10T11:41:57+00:00\",\"breadcrumb\":{\"@id\":\"https:\\\/\\\/medlight.pl\\\/blog\\\/xxi-kongres-dermatologii-estetycznej-i-medycyny-anti-aging\\\/#breadcrumb\"},\"inLanguage\":\"pl-PL\",\"potentialAction\":[{\"@type\":\"ReadAction\",\"target\":[\"https:\\\/\\\/medlight.pl\\\/blog\\\/xxi-kongres-dermatologii-estetycznej-i-medycyny-anti-aging\\\/\"]}]},{\"@type\":\"ImageObject\",\"inLanguage\":\"pl-PL\",\"@id\":\"https:\\\/\\\/medlight.pl\\\/blog\\\/xxi-kongres-dermatologii-estetycznej-i-medycyny-anti-aging\\\/#primaryimage\",\"url\":\"https:\\\/\\\/medlight.pl\\\/blog\\\/wp-content\\\/uploads\\\/2020\\\/03\\\/anty.png\",\"contentUrl\":\"https:\\\/\\\/medlight.pl\\\/blog\\\/wp-content\\\/uploads\\\/2020\\\/03\\\/anty.png\",\"width\":1760,\"height\":852},{\"@type\":\"BreadcrumbList\",\"@id\":\"https:\\\/\\\/medlight.pl\\\/blog\\\/xxi-kongres-dermatologii-estetycznej-i-medycyny-anti-aging\\\/#breadcrumb\",\"itemListElement\":[{\"@type\":\"ListItem\",\"position\":1,\"name\":\"Strona g\u0142\u00f3wna\",\"item\":\"https:\\\/\\\/medlight.pl\\\/blog\\\/\"},{\"@type\":\"ListItem\",\"position\":2,\"name\":\"XXI Kongres Dermatologii Estetycznej i Medycyny Anti-Aging\"}]},{\"@type\":\"WebSite\",\"@id\":\"https:\\\/\\\/medlight.pl\\\/blog\\\/#website\",\"url\":\"https:\\\/\\\/medlight.pl\\\/blog\\\/\",\"name\":\"Przedstawiciel produkt\u00f3w Zepter \\\/ Bioptron - Gwarancja Niskich Cen\",\"description\":\"Znajdziesz najwi\u0119cej informacji na temat produkt\u00f3w firmy Zepter \\\/ Bioptron\",\"publisher\":{\"@id\":\"https:\\\/\\\/medlight.pl\\\/blog\\\/#organization\"},\"potentialAction\":[{\"@type\":\"SearchAction\",\"target\":{\"@type\":\"EntryPoint\",\"urlTemplate\":\"https:\\\/\\\/medlight.pl\\\/blog\\\/?s={search_term_string}\"},\"query-input\":{\"@type\":\"PropertyValueSpecification\",\"valueRequired\":true,\"valueName\":\"search_term_string\"}}],\"inLanguage\":\"pl-PL\"},{\"@type\":\"Organization\",\"@id\":\"https:\\\/\\\/medlight.pl\\\/blog\\\/#organization\",\"name\":\"MEDLIGHT SYLWIA CHOCH\u00d3\u0141\",\"alternateName\":\"MEDLIGHT SYLWIA CHOCH\u00d3\u0141\",\"url\":\"https:\\\/\\\/medlight.pl\\\/blog\\\/\",\"logo\":{\"@type\":\"ImageObject\",\"inLanguage\":\"pl-PL\",\"@id\":\"https:\\\/\\\/medlight.pl\\\/blog\\\/#\\\/schema\\\/logo\\\/image\\\/\",\"url\":\"https:\\\/\\\/medlight.pl\\\/blog\\\/wp-content\\\/uploads\\\/2021\\\/01\\\/produktyzepter.pl-2.png\",\"contentUrl\":\"https:\\\/\\\/medlight.pl\\\/blog\\\/wp-content\\\/uploads\\\/2021\\\/01\\\/produktyzepter.pl-2.png\",\"width\":500,\"height\":500,\"caption\":\"MEDLIGHT SYLWIA CHOCH\u00d3\u0141\"},\"image\":{\"@id\":\"https:\\\/\\\/medlight.pl\\\/blog\\\/#\\\/schema\\\/logo\\\/image\\\/\"},\"sameAs\":[\"https:\\\/\\\/www.facebook.com\\\/medlightpl-104577625396777\",\"https:\\\/\\\/x.com\\\/sylwiachochol\",\"https:\\\/\\\/www.instagram.com\\\/medlight.pl\\\/\",\"https:\\\/\\\/www.linkedin.com\\\/in\\\/sylwia-choch\u00f3\u0142-31a75258\\\/\",\"https:\\\/\\\/nl.pinterest.com\\\/sylwiachoch\\\/\",\"https:\\\/\\\/www.youtube.com\\\/channel\\\/UCPnILazJ-Dh3WV3fvG1S27g\"]},{\"@type\":\"Person\",\"@id\":\"https:\\\/\\\/medlight.pl\\\/blog\\\/#\\\/schema\\\/person\\\/423f91cf9010dcbeeb690f416f042428\",\"name\":\"Przedstawiciel Zepter \\\/ Bioptron\",\"image\":{\"@type\":\"ImageObject\",\"inLanguage\":\"pl-PL\",\"@id\":\"https:\\\/\\\/secure.gravatar.com\\\/avatar\\\/d1012f896a6e91b1689e9e07592ebd7ca0e54bf0ce76c77138e33227215e73eb?s=96&d=blank&r=g\",\"url\":\"https:\\\/\\\/secure.gravatar.com\\\/avatar\\\/d1012f896a6e91b1689e9e07592ebd7ca0e54bf0ce76c77138e33227215e73eb?s=96&d=blank&r=g\",\"contentUrl\":\"https:\\\/\\\/secure.gravatar.com\\\/avatar\\\/d1012f896a6e91b1689e9e07592ebd7ca0e54bf0ce76c77138e33227215e73eb?s=96&d=blank&r=g\",\"caption\":\"Przedstawiciel Zepter \\\/ Bioptron\"},\"sameAs\":[\"https:\\\/\\\/medlight.pl\",\"https:\\\/\\\/www.facebook.com\\\/ProduktyZepter\",\"https:\\\/\\\/www.instagram.com\\\/produktyzepter.pl\\\/?hl=pl\",\"https:\\\/\\\/pl.linkedin.com\\\/in\\\/sylwia-choch\u00f3\u0142-31a75258\",\"https:\\\/\\\/x.com\\\/https:\\\/\\\/twitter.com\\\/sylwiachochol\",\"https:\\\/\\\/www.youtube.com\\\/channel\\\/UCPnILazJ-Dh3WV3fvG1S27g\"],\"url\":\"https:\\\/\\\/medlight.pl\\\/blog\\\/author\\\/admin\\\/\"}]}<\/script>\n<!-- \/ Yoast SEO plugin. -->","yoast_head_json":{"title":"XXI Kongres Dermatologii Estetycznej i Medycyny Anti-Aging - Przedstawiciel produkt\u00f3w Zepter \/ Bioptron - Gwarancja Niskich Cen","robots":{"index":"index","follow":"follow","max-snippet":"max-snippet:-1","max-image-preview":"max-image-preview:large","max-video-preview":"max-video-preview:-1"},"canonical":"https:\/\/medlight.pl\/blog\/xxi-kongres-dermatologii-estetycznej-i-medycyny-anti-aging\/","og_locale":"pl_PL","og_type":"article","og_title":"XXI Kongres Dermatologii Estetycznej i Medycyny Anti-Aging - Przedstawiciel produkt\u00f3w Zepter \/ Bioptron - Gwarancja Niskich Cen","og_description":"Stowarzyszenie Lekarzy Dermatolog\u00f3w Estetycznych raz w roku organizuje spotkanie dla lekarzy, kt\u00f3rzy swoj\u0105 karier\u0119 zawodow\u0105 zwi\u0105zali z t\u0105 niezwykle pr\u0119\u017cnie rozwijaj\u0105c\u0105 si\u0119 dziedzin\u0105 medycyny. Jest to najwi\u0119ksze i najwa\u017cniejsze wydarzenie w naszej bran\u017cy. Precyzyjnie wyselekcjonowane tematy przedstawiane w trakcie 3-dniowego spotkania s\u0105 okazj\u0105 do zapoznania si\u0119 z nowo\u015bciami, ale przede wszystkim do pog\u0142\u0119bienia wiedzy i wymiany do\u015bwiadcze\u0144. Starannie przygotowywany program obejmuje zar\u00f3wno zagadnienia teoretyczne, jak r\u00f3wnie\u017c pokazy technik zabiegowych. Wysoki poziom merytoryczny zapewniaj\u0105 wyk\u0142ady najlepszych specjalist\u00f3w z kraju i ze \u015bwiata. Nieod\u0142\u0105cznym elementem Kongresu jest r\u00f3wnie\u017c udzia\u0142 wystawc\u00f3w, kt\u00f3rzy przedstawiaj\u0105 bogat\u0105 ofert\u0119 produkt\u00f3w wykorzystywanych w codziennej praktyce lekarskiej. Mi\u0119dzynarodowy Kongres Medycyny Estetycznej i Anti-Aging organizowany przez Polskie Towarzystwo Medycyny Estetycznej i Anti-Aging to najwi\u0119ksze w Europie \u015arodkowo-Wschodniej, a tak\u017ce drugie po rzymskiej konferencji w ca\u0142ej Europie, wydarzenie po\u015bwi\u0119cone medycynie estetycznej. Nie zabrak\u0142o r\u00f3wnie\u017c nas tj. Zepter i naszego produktu medycznego jakim jest Lampa Bioptron, koloroterapii i okular\u00f3w fulerenowych. Sporym zainteresowaniem cieszy si\u0119 r\u00f3wnie\u017c oczyszczacza powietrza Therapy Air iOn. Nasze urz\u0105dzenia s\u0105 wykorzystywane w\u015br\u00f3d lekarzy. Sami stosuj\u0105c przekazali nas wiele cennych informacji. Zapraszamy na kolejne 24-27 wrze\u015bnia 2020 r.","og_url":"https:\/\/medlight.pl\/blog\/xxi-kongres-dermatologii-estetycznej-i-medycyny-anti-aging\/","og_site_name":"Przedstawiciel produkt\u00f3w Zepter \/ Bioptron - Gwarancja Niskich Cen","article_publisher":"https:\/\/www.facebook.com\/medlightpl-104577625396777","article_author":"https:\/\/www.facebook.com\/ProduktyZepter","article_published_time":"2020-03-09T10:55:58+00:00","article_modified_time":"2020-04-10T11:41:57+00:00","og_image":[{"width":1760,"height":852,"url":"https:\/\/medlight.pl\/blog\/wp-content\/uploads\/2020\/03\/anty.png","type":"image\/png"}],"author":"Przedstawiciel Zepter \/ Bioptron","twitter_card":"summary_large_image","twitter_creator":"@https:\/\/twitter.com\/sylwiachochol","twitter_site":"@sylwiachochol","twitter_misc":{"Napisane przez":"Przedstawiciel Zepter \/ Bioptron","Szacowany czas czytania":"1 minuta"},"schema":{"@context":"https:\/\/schema.org","@graph":[{"@type":"Article","@id":"https:\/\/medlight.pl\/blog\/xxi-kongres-dermatologii-estetycznej-i-medycyny-anti-aging\/#article","isPartOf":{"@id":"https:\/\/medlight.pl\/blog\/xxi-kongres-dermatologii-estetycznej-i-medycyny-anti-aging\/"},"author":{"name":"Przedstawiciel Zepter \/ Bioptron","@id":"https:\/\/medlight.pl\/blog\/#\/schema\/person\/423f91cf9010dcbeeb690f416f042428"},"headline":"XXI Kongres Dermatologii Estetycznej i Medycyny Anti-Aging","datePublished":"2020-03-09T10:55:58+00:00","dateModified":"2020-04-10T11:41:57+00:00","mainEntityOfPage":{"@id":"https:\/\/medlight.pl\/blog\/xxi-kongres-dermatologii-estetycznej-i-medycyny-anti-aging\/"},"wordCount":219,"publisher":{"@id":"https:\/\/medlight.pl\/blog\/#organization"},"image":{"@id":"https:\/\/medlight.pl\/blog\/xxi-kongres-dermatologii-estetycznej-i-medycyny-anti-aging\/#primaryimage"},"thumbnailUrl":"https:\/\/medlight.pl\/blog\/wp-content\/uploads\/2020\/03\/anty.png","keywords":["ANTI-AGING","bioptron","estetycznej","kongres","medycyny","polskie towarzystwo medycyny estetycznej i anti-aging","therapy air ion","Warszawa","zepter"],"articleSection":["Wydarzenia"],"inLanguage":"pl-PL"},{"@type":"WebPage","@id":"https:\/\/medlight.pl\/blog\/xxi-kongres-dermatologii-estetycznej-i-medycyny-anti-aging\/","url":"https:\/\/medlight.pl\/blog\/xxi-kongres-dermatologii-estetycznej-i-medycyny-anti-aging\/","name":"XXI Kongres Dermatologii Estetycznej i Medycyny Anti-Aging - Przedstawiciel produkt\u00f3w Zepter \/ Bioptron - Gwarancja Niskich Cen","isPartOf":{"@id":"https:\/\/medlight.pl\/blog\/#website"},"primaryImageOfPage":{"@id":"https:\/\/medlight.pl\/blog\/xxi-kongres-dermatologii-estetycznej-i-medycyny-anti-aging\/#primaryimage"},"image":{"@id":"https:\/\/medlight.pl\/blog\/xxi-kongres-dermatologii-estetycznej-i-medycyny-anti-aging\/#primaryimage"},"thumbnailUrl":"https:\/\/medlight.pl\/blog\/wp-content\/uploads\/2020\/03\/anty.png","datePublished":"2020-03-09T10:55:58+00:00","dateModified":"2020-04-10T11:41:57+00:00","breadcrumb":{"@id":"https:\/\/medlight.pl\/blog\/xxi-kongres-dermatologii-estetycznej-i-medycyny-anti-aging\/#breadcrumb"},"inLanguage":"pl-PL","potentialAction":[{"@type":"ReadAction","target":["https:\/\/medlight.pl\/blog\/xxi-kongres-dermatologii-estetycznej-i-medycyny-anti-aging\/"]}]},{"@type":"ImageObject","inLanguage":"pl-PL","@id":"https:\/\/medlight.pl\/blog\/xxi-kongres-dermatologii-estetycznej-i-medycyny-anti-aging\/#primaryimage","url":"https:\/\/medlight.pl\/blog\/wp-content\/uploads\/2020\/03\/anty.png","contentUrl":"https:\/\/medlight.pl\/blog\/wp-content\/uploads\/2020\/03\/anty.png","width":1760,"height":852},{"@type":"BreadcrumbList","@id":"https:\/\/medlight.pl\/blog\/xxi-kongres-dermatologii-estetycznej-i-medycyny-anti-aging\/#breadcrumb","itemListElement":[{"@type":"ListItem","position":1,"name":"Strona g\u0142\u00f3wna","item":"https:\/\/medlight.pl\/blog\/"},{"@type":"ListItem","position":2,"name":"XXI Kongres Dermatologii Estetycznej i Medycyny Anti-Aging"}]},{"@type":"WebSite","@id":"https:\/\/medlight.pl\/blog\/#website","url":"https:\/\/medlight.pl\/blog\/","name":"Przedstawiciel produkt\u00f3w Zepter \/ Bioptron - Gwarancja Niskich Cen","description":"Znajdziesz najwi\u0119cej informacji na temat produkt\u00f3w firmy Zepter \/ Bioptron","publisher":{"@id":"https:\/\/medlight.pl\/blog\/#organization"},"potentialAction":[{"@type":"SearchAction","target":{"@type":"EntryPoint","urlTemplate":"https:\/\/medlight.pl\/blog\/?s={search_term_string}"},"query-input":{"@type":"PropertyValueSpecification","valueRequired":true,"valueName":"search_term_string"}}],"inLanguage":"pl-PL"},{"@type":"Organization","@id":"https:\/\/medlight.pl\/blog\/#organization","name":"MEDLIGHT SYLWIA CHOCH\u00d3\u0141","alternateName":"MEDLIGHT SYLWIA CHOCH\u00d3\u0141","url":"https:\/\/medlight.pl\/blog\/","logo":{"@type":"ImageObject","inLanguage":"pl-PL","@id":"https:\/\/medlight.pl\/blog\/#\/schema\/logo\/image\/","url":"https:\/\/medlight.pl\/blog\/wp-content\/uploads\/2021\/01\/produktyzepter.pl-2.png","contentUrl":"https:\/\/medlight.pl\/blog\/wp-content\/uploads\/2021\/01\/produktyzepter.pl-2.png","width":500,"height":500,"caption":"MEDLIGHT SYLWIA CHOCH\u00d3\u0141"},"image":{"@id":"https:\/\/medlight.pl\/blog\/#\/schema\/logo\/image\/"},"sameAs":["https:\/\/www.facebook.com\/medlightpl-104577625396777","https:\/\/x.com\/sylwiachochol","https:\/\/www.instagram.com\/medlight.pl\/","https:\/\/www.linkedin.com\/in\/sylwia-choch\u00f3\u0142-31a75258\/","https:\/\/nl.pinterest.com\/sylwiachoch\/","https:\/\/www.youtube.com\/channel\/UCPnILazJ-Dh3WV3fvG1S27g"]},{"@type":"Person","@id":"https:\/\/medlight.pl\/blog\/#\/schema\/person\/423f91cf9010dcbeeb690f416f042428","name":"Przedstawiciel Zepter \/ Bioptron","image":{"@type":"ImageObject","inLanguage":"pl-PL","@id":"https:\/\/secure.gravatar.com\/avatar\/d1012f896a6e91b1689e9e07592ebd7ca0e54bf0ce76c77138e33227215e73eb?s=96&d=blank&r=g","url":"https:\/\/secure.gravatar.com\/avatar\/d1012f896a6e91b1689e9e07592ebd7ca0e54bf0ce76c77138e33227215e73eb?s=96&d=blank&r=g","contentUrl":"https:\/\/secure.gravatar.com\/avatar\/d1012f896a6e91b1689e9e07592ebd7ca0e54bf0ce76c77138e33227215e73eb?s=96&d=blank&r=g","caption":"Przedstawiciel Zepter \/ Bioptron"},"sameAs":["https:\/\/medlight.pl","https:\/\/www.facebook.com\/ProduktyZepter","https:\/\/www.instagram.com\/produktyzepter.pl\/?hl=pl","https:\/\/pl.linkedin.com\/in\/sylwia-choch\u00f3\u0142-31a75258","https:\/\/x.com\/https:\/\/twitter.com\/sylwiachochol","https:\/\/www.youtube.com\/channel\/UCPnILazJ-Dh3WV3fvG1S27g"],"url":"https:\/\/medlight.pl\/blog\/author\/admin\/"}]}},"jetpack_publicize_connections":[],"jetpack_sharing_enabled":true,"jetpack_featured_media_url":"https:\/\/medlight.pl\/blog\/wp-content\/uploads\/2020\/03\/anty.png","_links":{"self":[{"href":"https:\/\/medlight.pl\/blog\/wp-json\/wp\/v2\/posts\/1058","targetHints":{"allow":["GET"]}}],"collection":[{"href":"https:\/\/medlight.pl\/blog\/wp-json\/wp\/v2\/posts"}],"about":[{"href":"https:\/\/medlight.pl\/blog\/wp-json\/wp\/v2\/types\/post"}],"author":[{"embeddable":true,"href":"https:\/\/medlight.pl\/blog\/wp-json\/wp\/v2\/users\/1"}],"replies":[{"embeddable":true,"href":"https:\/\/medlight.pl\/blog\/wp-json\/wp\/v2\/comments?post=1058"}],"version-history":[{"count":3,"href":"https:\/\/medlight.pl\/blog\/wp-json\/wp\/v2\/posts\/1058\/revisions"}],"predecessor-version":[{"id":1514,"href":"https:\/\/medlight.pl\/blog\/wp-json\/wp\/v2\/posts\/1058\/revisions\/1514"}],"wp:featuredmedia":[{"embeddable":true,"href":"https:\/\/medlight.pl\/blog\/wp-json\/wp\/v2\/media\/1062"}],"wp:attachment":[{"href":"https:\/\/medlight.pl\/blog\/wp-json\/wp\/v2\/media?parent=1058"}],"wp:term":[{"taxonomy":"category","embeddable":true,"href":"https:\/\/medlight.pl\/blog\/wp-json\/wp\/v2\/categories?post=1058"},{"taxonomy":"post_tag","embeddable":true,"href":"https:\/\/medlight.pl\/blog\/wp-json\/wp\/v2\/tags?post=1058"}],"curies":[{"name":"wp","href":"https:\/\/api.w.org\/{rel}","templated":true}]}}