{"id":861,"date":"2019-09-05T13:40:53","date_gmt":"2019-09-05T11:40:53","guid":{"rendered":"https:\/\/medlight.pl\/blog\/?p=861"},"modified":"2019-10-02T10:42:13","modified_gmt":"2019-10-02T08:42:13","slug":"30-targi-medycyny-naturalnej-zdrowia-i-urody-zepter-krakow","status":"publish","type":"post","link":"https:\/\/medlight.pl\/blog\/30-targi-medycyny-naturalnej-zdrowia-i-urody-zepter-krakow\/","title":{"rendered":"31. Targi Medycyny Naturalnej, Zdrowia i Urody > Zepter Krak\u00f3w"},"content":{"rendered":"<p>od 11 do 13 pa\u017adziernika 2019 r. Chemobudowa \u2013 Krak\u00f3w S.A. przy ul. Klimeckiego 14 odb\u0119dzie\u00a0 si\u0119\u00a0 <\/p><p><strong>50.<\/strong> <strong>\u00a0Wiosenna Wystawa Ogrodnictwa <\/strong><\/p><p><strong>31 . Targi Medycyny Naturalnej, Zdrowia i Urody<\/strong>.<\/p><p>Wiosenna Wystawa Ogrodnictwa to najwi\u0119ksza impreza tej bran\u017cy  organizowana na terenach Polski Po\u0142udniowej, bierze w niej udzia\u0142  kilkudziesi\u0119ciu wystawc\u00f3w z terenu ca\u0142ej Polski, b\u0119dziemy r\u00f3wnie\u017c i my Zepter Biuro Regionalne Krak\u00f3w.<\/p><p><strong>Honorowy patronat nad Wystaw\u0105&nbsp; przyj\u0119li: Dziekan Wydzia\u0142u \nBiotechnologii i Ogrodnictwa Uniwersytetu&nbsp; Rolniczego w Krakowie i \nPrezes Towarzystwa Ogrodniczego w Krakowie . <\/strong><\/p><p><strong>Patronat medialny sprawuje TVP Krak\u00f3w , Dziennik Polski<\/strong> .<\/p><p>W Wystawie bior\u0105 udzia\u0142 firmy maj\u0105ce w swojej ofercie :<\/p><p>ro\u015bliny ozdobne, elementy wyposa\u017cenia ogrod\u00f3w, nasiona, sprz\u0119t \nogrodniczy, materia\u0142 sadowniczy,&nbsp; materia\u0142 szk\u00f3\u0142karski oraz firmy \nzajmuj\u0105ce si\u0119 projektowaniem teren\u00f3w zielonych.<\/p><p>W czasie Wystawy organizowany jest kiermasz, podczas kt\u00f3rego mo\u017cna  zakupi\u0107 wszystko do ogrodu oraz zasi\u0119gn\u0105\u0107 porad u profesjonalist\u00f3w  dotycz\u0105cych hodowli ro\u015blin.<\/p><p>Nasze stoisko z produktami Zepter oferuje produkty zawsze w jak najni\u017cszych cenach. Uzyskasz informacje dotycz\u0105ce naszych produkt\u00f3w, jak i r\u00f3wnie\u017c materia\u0142y.  B\u0119dzie mo\u017cna naby\u0107 cz\u0119\u015bci serwisowe lub odda\u0107 urz\u0105dzenie do naprawy.<\/p><p><\/p><p>Sylwia Choch\u00f3\u0142<\/p>","protected":false},"excerpt":{"rendered":"<p>od 11 do 13 pa\u017adziernika 2019 r. Chemobudowa \u2013 Krak\u00f3w S.A. przy ul. Klimeckiego 14 odb\u0119dzie\u00a0 si\u0119\u00a0 50. \u00a0Wiosenna Wystawa Ogrodnictwa 31 . Targi Medycyny Naturalnej, Zdrowia i Urody. Wiosenna Wystawa Ogrodnictwa to najwi\u0119ksza impreza tej bran\u017cy organizowana na terenach Polski Po\u0142udniowej, bierze w niej udzia\u0142 kilkudziesi\u0119ciu wystawc\u00f3w z terenu ca\u0142ej Polski, b\u0119dziemy r\u00f3wnie\u017c i my Zepter Biuro Regionalne Krak\u00f3w. Honorowy patronat nad Wystaw\u0105&nbsp; przyj\u0119li: Dziekan Wydzia\u0142u Biotechnologii i Ogrodnictwa Uniwersytetu&nbsp; Rolniczego w Krakowie i Prezes Towarzystwa Ogrodniczego w Krakowie . Patronat medialny sprawuje TVP Krak\u00f3w , Dziennik Polski . W Wystawie bior\u0105 udzia\u0142 firmy maj\u0105ce w swojej ofercie : ro\u015bliny ozdobne, elementy wyposa\u017cenia ogrod\u00f3w, nasiona, sprz\u0119t ogrodniczy, materia\u0142 sadowniczy,&nbsp; materia\u0142 szk\u00f3\u0142karski oraz firmy zajmuj\u0105ce si\u0119 projektowaniem teren\u00f3w zielonych. W czasie Wystawy organizowany jest kiermasz, podczas kt\u00f3rego mo\u017cna zakupi\u0107 wszystko do ogrodu oraz zasi\u0119gn\u0105\u0107 porad u profesjonalist\u00f3w dotycz\u0105cych hodowli ro\u015blin. Nasze stoisko z produktami Zepter oferuje produkty zawsze w jak najni\u017cszych cenach. Uzyskasz informacje dotycz\u0105ce naszych produkt\u00f3w, jak i r\u00f3wnie\u017c materia\u0142y. B\u0119dzie mo\u017cna naby\u0107 cz\u0119\u015bci serwisowe lub odda\u0107 urz\u0105dzenie do naprawy. Sylwia Choch\u00f3\u0142<\/p>\n","protected":false},"author":1,"featured_media":881,"comment_status":"closed","ping_status":"closed","sticky":false,"template":"","format":"standard","meta":{"_monsterinsights_skip_tracking":false,"_monsterinsights_sitenote_active":false,"_monsterinsights_sitenote_note":"","_monsterinsights_sitenote_category":0,"_jetpack_memberships_contains_paid_content":false,"footnotes":""},"categories":[793],"tags":[1389,1384,1388,1393,1387,181,1383,1385,1382,1126,1386,1391,174,1380,1392,1390,1381,1394,802,36],"class_list":["post-861","post","type-post","status-publish","format-standard","has-post-thumbnail","hentry","category-wydarzenia","tag-biotechnologia","tag-biuro","tag-branza","tag-dziennik-polski","tag-impreza","tag-krakow","tag-lesne","tag-niskie-ceny","tag-ogrodnictwa","tag-produkty","tag-promocje","tag-rolniczy","tag-serwis","tag-targi","tag-tvp-krakow","tag-uniwersytet","tag-urody","tag-wystawa","tag-zdrowia","tag-zepter"],"yoast_head":"<!-- This site is optimized with the Yoast SEO plugin v25.3 - https:\/\/yoast.com\/wordpress\/plugins\/seo\/ -->\n<title>31. Targi Medycyny Naturalnej, Zdrowia i Urody &gt; Zepter Krak\u00f3w - Przedstawiciel produkt\u00f3w Zepter \/ Bioptron - Gwarancja Niskich Cen<\/title>\n<meta name=\"robots\" content=\"index, follow, max-snippet:-1, max-image-preview:large, max-video-preview:-1\" \/>\n<link rel=\"canonical\" href=\"https:\/\/medlight.pl\/blog\/30-targi-medycyny-naturalnej-zdrowia-i-urody-zepter-krakow\/\" \/>\n<meta property=\"og:locale\" content=\"pl_PL\" \/>\n<meta property=\"og:type\" content=\"article\" \/>\n<meta property=\"og:title\" content=\"31. Targi Medycyny Naturalnej, Zdrowia i Urody &gt; Zepter Krak\u00f3w - Przedstawiciel produkt\u00f3w Zepter \/ Bioptron - Gwarancja Niskich Cen\" \/>\n<meta property=\"og:description\" content=\"od 11 do 13 pa\u017adziernika 2019 r. Chemobudowa \u2013 Krak\u00f3w S.A. przy ul. Klimeckiego 14 odb\u0119dzie\u00a0 si\u0119\u00a0 50. \u00a0Wiosenna Wystawa Ogrodnictwa 31 . Targi Medycyny Naturalnej, Zdrowia i Urody. Wiosenna Wystawa Ogrodnictwa to najwi\u0119ksza impreza tej bran\u017cy organizowana na terenach Polski Po\u0142udniowej, bierze w niej udzia\u0142 kilkudziesi\u0119ciu wystawc\u00f3w z terenu ca\u0142ej Polski, b\u0119dziemy r\u00f3wnie\u017c i my Zepter Biuro Regionalne Krak\u00f3w. Honorowy patronat nad Wystaw\u0105&nbsp; przyj\u0119li: Dziekan Wydzia\u0142u Biotechnologii i Ogrodnictwa Uniwersytetu&nbsp; Rolniczego w Krakowie i Prezes Towarzystwa Ogrodniczego w Krakowie . Patronat medialny sprawuje TVP Krak\u00f3w , Dziennik Polski . W Wystawie bior\u0105 udzia\u0142 firmy maj\u0105ce w swojej ofercie : ro\u015bliny ozdobne, elementy wyposa\u017cenia ogrod\u00f3w, nasiona, sprz\u0119t ogrodniczy, materia\u0142 sadowniczy,&nbsp; materia\u0142 szk\u00f3\u0142karski oraz firmy zajmuj\u0105ce si\u0119 projektowaniem teren\u00f3w zielonych. W czasie Wystawy organizowany jest kiermasz, podczas kt\u00f3rego mo\u017cna zakupi\u0107 wszystko do ogrodu oraz zasi\u0119gn\u0105\u0107 porad u profesjonalist\u00f3w dotycz\u0105cych hodowli ro\u015blin. Nasze stoisko z produktami Zepter oferuje produkty zawsze w jak najni\u017cszych cenach. Uzyskasz informacje dotycz\u0105ce naszych produkt\u00f3w, jak i r\u00f3wnie\u017c materia\u0142y. B\u0119dzie mo\u017cna naby\u0107 cz\u0119\u015bci serwisowe lub odda\u0107 urz\u0105dzenie do naprawy. Sylwia Choch\u00f3\u0142\" \/>\n<meta property=\"og:url\" content=\"https:\/\/medlight.pl\/blog\/30-targi-medycyny-naturalnej-zdrowia-i-urody-zepter-krakow\/\" \/>\n<meta property=\"og:site_name\" content=\"Przedstawiciel produkt\u00f3w Zepter \/ Bioptron - Gwarancja Niskich Cen\" \/>\n<meta property=\"article:publisher\" content=\"https:\/\/www.facebook.com\/medlightpl-104577625396777\" \/>\n<meta property=\"article:author\" content=\"https:\/\/www.facebook.com\/ProduktyZepter\" \/>\n<meta property=\"article:published_time\" content=\"2019-09-05T11:40:53+00:00\" \/>\n<meta property=\"article:modified_time\" content=\"2019-10-02T08:42:13+00:00\" \/>\n<meta property=\"og:image\" content=\"https:\/\/medlight.pl\/blog\/wp-content\/uploads\/2019\/09\/www_18975_ChemobudowaCT_ogrodnicze_jesien2019_plakat680x980-1-208x300.jpg\" \/>\n\t<meta property=\"og:image:width\" content=\"208\" \/>\n\t<meta property=\"og:image:height\" content=\"300\" \/>\n\t<meta property=\"og:image:type\" content=\"image\/jpeg\" \/>\n<meta name=\"author\" content=\"Przedstawiciel Zepter \/ Bioptron\" \/>\n<meta name=\"twitter:card\" content=\"summary_large_image\" \/>\n<meta name=\"twitter:creator\" content=\"@https:\/\/twitter.com\/sylwiachochol\" \/>\n<meta name=\"twitter:site\" content=\"@sylwiachochol\" \/>\n<meta name=\"twitter:label1\" content=\"Napisane przez\" \/>\n\t<meta name=\"twitter:data1\" content=\"Przedstawiciel Zepter \/ Bioptron\" \/>\n\t<meta name=\"twitter:label2\" content=\"Szacowany czas czytania\" \/>\n\t<meta name=\"twitter:data2\" content=\"1 minuta\" \/>\n<script type=\"application\/ld+json\" class=\"yoast-schema-graph\">{\"@context\":\"https:\/\/schema.org\",\"@graph\":[{\"@type\":\"Article\",\"@id\":\"https:\/\/medlight.pl\/blog\/30-targi-medycyny-naturalnej-zdrowia-i-urody-zepter-krakow\/#article\",\"isPartOf\":{\"@id\":\"https:\/\/medlight.pl\/blog\/30-targi-medycyny-naturalnej-zdrowia-i-urody-zepter-krakow\/\"},\"author\":{\"name\":\"Przedstawiciel Zepter \/ Bioptron\",\"@id\":\"https:\/\/medlight.pl\/blog\/#\/schema\/person\/423f91cf9010dcbeeb690f416f042428\"},\"headline\":\"31. Targi Medycyny Naturalnej, Zdrowia i Urody > Zepter Krak\u00f3w\",\"datePublished\":\"2019-09-05T11:40:53+00:00\",\"dateModified\":\"2019-10-02T08:42:13+00:00\",\"mainEntityOfPage\":{\"@id\":\"https:\/\/medlight.pl\/blog\/30-targi-medycyny-naturalnej-zdrowia-i-urody-zepter-krakow\/\"},\"wordCount\":212,\"publisher\":{\"@id\":\"https:\/\/medlight.pl\/blog\/#organization\"},\"image\":{\"@id\":\"https:\/\/medlight.pl\/blog\/30-targi-medycyny-naturalnej-zdrowia-i-urody-zepter-krakow\/#primaryimage\"},\"thumbnailUrl\":\"https:\/\/medlight.pl\/blog\/wp-content\/uploads\/2019\/09\/www_18975_ChemobudowaCT_ogrodnicze_jesien2019_plakat680x980-1-208x300.jpg\",\"keywords\":[\"biotechnologia\",\"biuro\",\"bran\u017ca\",\"dziennik polski\",\"impreza\",\"krak\u00f3w\",\"le\u015bne\",\"niskie ceny\",\"ogrodnictwa\",\"produkty\",\"promocje\",\"rolniczy\",\"serwis\",\"targi\",\"tvp krak\u00f3w\",\"uniwersytet\",\"urody\",\"wystawa\",\"zdrowia\",\"zepter\"],\"articleSection\":[\"Wydarzenia\"],\"inLanguage\":\"pl-PL\"},{\"@type\":\"WebPage\",\"@id\":\"https:\/\/medlight.pl\/blog\/30-targi-medycyny-naturalnej-zdrowia-i-urody-zepter-krakow\/\",\"url\":\"https:\/\/medlight.pl\/blog\/30-targi-medycyny-naturalnej-zdrowia-i-urody-zepter-krakow\/\",\"name\":\"31. Targi Medycyny Naturalnej, Zdrowia i Urody > Zepter Krak\u00f3w - Przedstawiciel produkt\u00f3w Zepter \/ Bioptron - Gwarancja Niskich Cen\",\"isPartOf\":{\"@id\":\"https:\/\/medlight.pl\/blog\/#website\"},\"primaryImageOfPage\":{\"@id\":\"https:\/\/medlight.pl\/blog\/30-targi-medycyny-naturalnej-zdrowia-i-urody-zepter-krakow\/#primaryimage\"},\"image\":{\"@id\":\"https:\/\/medlight.pl\/blog\/30-targi-medycyny-naturalnej-zdrowia-i-urody-zepter-krakow\/#primaryimage\"},\"thumbnailUrl\":\"https:\/\/medlight.pl\/blog\/wp-content\/uploads\/2019\/09\/www_18975_ChemobudowaCT_ogrodnicze_jesien2019_plakat680x980-1-208x300.jpg\",\"datePublished\":\"2019-09-05T11:40:53+00:00\",\"dateModified\":\"2019-10-02T08:42:13+00:00\",\"breadcrumb\":{\"@id\":\"https:\/\/medlight.pl\/blog\/30-targi-medycyny-naturalnej-zdrowia-i-urody-zepter-krakow\/#breadcrumb\"},\"inLanguage\":\"pl-PL\",\"potentialAction\":[{\"@type\":\"ReadAction\",\"target\":[\"https:\/\/medlight.pl\/blog\/30-targi-medycyny-naturalnej-zdrowia-i-urody-zepter-krakow\/\"]}]},{\"@type\":\"ImageObject\",\"inLanguage\":\"pl-PL\",\"@id\":\"https:\/\/medlight.pl\/blog\/30-targi-medycyny-naturalnej-zdrowia-i-urody-zepter-krakow\/#primaryimage\",\"url\":\"https:\/\/medlight.pl\/blog\/wp-content\/uploads\/2019\/09\/www_18975_ChemobudowaCT_ogrodnicze_jesien2019_plakat680x980-1-208x300.jpg\",\"contentUrl\":\"https:\/\/medlight.pl\/blog\/wp-content\/uploads\/2019\/09\/www_18975_ChemobudowaCT_ogrodnicze_jesien2019_plakat680x980-1-208x300.jpg\",\"width\":208,\"height\":300},{\"@type\":\"BreadcrumbList\",\"@id\":\"https:\/\/medlight.pl\/blog\/30-targi-medycyny-naturalnej-zdrowia-i-urody-zepter-krakow\/#breadcrumb\",\"itemListElement\":[{\"@type\":\"ListItem\",\"position\":1,\"name\":\"Strona g\u0142\u00f3wna\",\"item\":\"https:\/\/medlight.pl\/blog\/\"},{\"@type\":\"ListItem\",\"position\":2,\"name\":\"31. Targi Medycyny Naturalnej, Zdrowia i Urody > Zepter Krak\u00f3w\"}]},{\"@type\":\"WebSite\",\"@id\":\"https:\/\/medlight.pl\/blog\/#website\",\"url\":\"https:\/\/medlight.pl\/blog\/\",\"name\":\"Przedstawiciel produkt\u00f3w Zepter \/ Bioptron - Gwarancja Niskich Cen\",\"description\":\"Znajdziesz najwi\u0119cej informacji na temat produkt\u00f3w firmy Zepter \/ Bioptron\",\"publisher\":{\"@id\":\"https:\/\/medlight.pl\/blog\/#organization\"},\"potentialAction\":[{\"@type\":\"SearchAction\",\"target\":{\"@type\":\"EntryPoint\",\"urlTemplate\":\"https:\/\/medlight.pl\/blog\/?s={search_term_string}\"},\"query-input\":{\"@type\":\"PropertyValueSpecification\",\"valueRequired\":true,\"valueName\":\"search_term_string\"}}],\"inLanguage\":\"pl-PL\"},{\"@type\":\"Organization\",\"@id\":\"https:\/\/medlight.pl\/blog\/#organization\",\"name\":\"MEDLIGHT SYLWIA CHOCH\u00d3\u0141\",\"alternateName\":\"MEDLIGHT SYLWIA CHOCH\u00d3\u0141\",\"url\":\"https:\/\/medlight.pl\/blog\/\",\"logo\":{\"@type\":\"ImageObject\",\"inLanguage\":\"pl-PL\",\"@id\":\"https:\/\/medlight.pl\/blog\/#\/schema\/logo\/image\/\",\"url\":\"https:\/\/medlight.pl\/blog\/wp-content\/uploads\/2021\/01\/produktyzepter.pl-2.png\",\"contentUrl\":\"https:\/\/medlight.pl\/blog\/wp-content\/uploads\/2021\/01\/produktyzepter.pl-2.png\",\"width\":500,\"height\":500,\"caption\":\"MEDLIGHT SYLWIA CHOCH\u00d3\u0141\"},\"image\":{\"@id\":\"https:\/\/medlight.pl\/blog\/#\/schema\/logo\/image\/\"},\"sameAs\":[\"https:\/\/www.facebook.com\/medlightpl-104577625396777\",\"https:\/\/x.com\/sylwiachochol\",\"https:\/\/www.instagram.com\/medlight.pl\/\",\"https:\/\/www.linkedin.com\/in\/sylwia-choch\u00f3\u0142-31a75258\/\",\"https:\/\/nl.pinterest.com\/sylwiachoch\/\",\"https:\/\/www.youtube.com\/channel\/UCPnILazJ-Dh3WV3fvG1S27g\"]},{\"@type\":\"Person\",\"@id\":\"https:\/\/medlight.pl\/blog\/#\/schema\/person\/423f91cf9010dcbeeb690f416f042428\",\"name\":\"Przedstawiciel Zepter \/ Bioptron\",\"image\":{\"@type\":\"ImageObject\",\"inLanguage\":\"pl-PL\",\"@id\":\"https:\/\/medlight.pl\/blog\/#\/schema\/person\/image\/\",\"url\":\"https:\/\/secure.gravatar.com\/avatar\/2e88ce041b2368e17df8abf7cd035323?s=96&d=blank&r=g\",\"contentUrl\":\"https:\/\/secure.gravatar.com\/avatar\/2e88ce041b2368e17df8abf7cd035323?s=96&d=blank&r=g\",\"caption\":\"Przedstawiciel Zepter \/ Bioptron\"},\"sameAs\":[\"https:\/\/medlight.pl\",\"https:\/\/www.facebook.com\/ProduktyZepter\",\"https:\/\/www.instagram.com\/produktyzepter.pl\/?hl=pl\",\"https:\/\/pl.linkedin.com\/in\/sylwia-choch\u00f3\u0142-31a75258\",\"https:\/\/x.com\/https:\/\/twitter.com\/sylwiachochol\",\"https:\/\/www.youtube.com\/channel\/UCPnILazJ-Dh3WV3fvG1S27g\"],\"url\":\"https:\/\/medlight.pl\/blog\/author\/admin\/\"}]}<\/script>\n<!-- \/ Yoast SEO plugin. -->","yoast_head_json":{"title":"31. Targi Medycyny Naturalnej, Zdrowia i Urody > Zepter Krak\u00f3w - Przedstawiciel produkt\u00f3w Zepter \/ Bioptron - Gwarancja Niskich Cen","robots":{"index":"index","follow":"follow","max-snippet":"max-snippet:-1","max-image-preview":"max-image-preview:large","max-video-preview":"max-video-preview:-1"},"canonical":"https:\/\/medlight.pl\/blog\/30-targi-medycyny-naturalnej-zdrowia-i-urody-zepter-krakow\/","og_locale":"pl_PL","og_type":"article","og_title":"31. Targi Medycyny Naturalnej, Zdrowia i Urody > Zepter Krak\u00f3w - Przedstawiciel produkt\u00f3w Zepter \/ Bioptron - Gwarancja Niskich Cen","og_description":"od 11 do 13 pa\u017adziernika 2019 r. Chemobudowa \u2013 Krak\u00f3w S.A. przy ul. Klimeckiego 14 odb\u0119dzie\u00a0 si\u0119\u00a0 50. \u00a0Wiosenna Wystawa Ogrodnictwa 31 . Targi Medycyny Naturalnej, Zdrowia i Urody. Wiosenna Wystawa Ogrodnictwa to najwi\u0119ksza impreza tej bran\u017cy organizowana na terenach Polski Po\u0142udniowej, bierze w niej udzia\u0142 kilkudziesi\u0119ciu wystawc\u00f3w z terenu ca\u0142ej Polski, b\u0119dziemy r\u00f3wnie\u017c i my Zepter Biuro Regionalne Krak\u00f3w. Honorowy patronat nad Wystaw\u0105&nbsp; przyj\u0119li: Dziekan Wydzia\u0142u Biotechnologii i Ogrodnictwa Uniwersytetu&nbsp; Rolniczego w Krakowie i Prezes Towarzystwa Ogrodniczego w Krakowie . Patronat medialny sprawuje TVP Krak\u00f3w , Dziennik Polski . W Wystawie bior\u0105 udzia\u0142 firmy maj\u0105ce w swojej ofercie : ro\u015bliny ozdobne, elementy wyposa\u017cenia ogrod\u00f3w, nasiona, sprz\u0119t ogrodniczy, materia\u0142 sadowniczy,&nbsp; materia\u0142 szk\u00f3\u0142karski oraz firmy zajmuj\u0105ce si\u0119 projektowaniem teren\u00f3w zielonych. W czasie Wystawy organizowany jest kiermasz, podczas kt\u00f3rego mo\u017cna zakupi\u0107 wszystko do ogrodu oraz zasi\u0119gn\u0105\u0107 porad u profesjonalist\u00f3w dotycz\u0105cych hodowli ro\u015blin. Nasze stoisko z produktami Zepter oferuje produkty zawsze w jak najni\u017cszych cenach. Uzyskasz informacje dotycz\u0105ce naszych produkt\u00f3w, jak i r\u00f3wnie\u017c materia\u0142y. B\u0119dzie mo\u017cna naby\u0107 cz\u0119\u015bci serwisowe lub odda\u0107 urz\u0105dzenie do naprawy. Sylwia Choch\u00f3\u0142","og_url":"https:\/\/medlight.pl\/blog\/30-targi-medycyny-naturalnej-zdrowia-i-urody-zepter-krakow\/","og_site_name":"Przedstawiciel produkt\u00f3w Zepter \/ Bioptron - Gwarancja Niskich Cen","article_publisher":"https:\/\/www.facebook.com\/medlightpl-104577625396777","article_author":"https:\/\/www.facebook.com\/ProduktyZepter","article_published_time":"2019-09-05T11:40:53+00:00","article_modified_time":"2019-10-02T08:42:13+00:00","og_image":[{"width":208,"height":300,"url":"https:\/\/medlight.pl\/blog\/wp-content\/uploads\/2019\/09\/www_18975_ChemobudowaCT_ogrodnicze_jesien2019_plakat680x980-1-208x300.jpg","type":"image\/jpeg"}],"author":"Przedstawiciel Zepter \/ Bioptron","twitter_card":"summary_large_image","twitter_creator":"@https:\/\/twitter.com\/sylwiachochol","twitter_site":"@sylwiachochol","twitter_misc":{"Napisane przez":"Przedstawiciel Zepter \/ Bioptron","Szacowany czas czytania":"1 minuta"},"schema":{"@context":"https:\/\/schema.org","@graph":[{"@type":"Article","@id":"https:\/\/medlight.pl\/blog\/30-targi-medycyny-naturalnej-zdrowia-i-urody-zepter-krakow\/#article","isPartOf":{"@id":"https:\/\/medlight.pl\/blog\/30-targi-medycyny-naturalnej-zdrowia-i-urody-zepter-krakow\/"},"author":{"name":"Przedstawiciel Zepter \/ Bioptron","@id":"https:\/\/medlight.pl\/blog\/#\/schema\/person\/423f91cf9010dcbeeb690f416f042428"},"headline":"31. Targi Medycyny Naturalnej, Zdrowia i Urody > Zepter Krak\u00f3w","datePublished":"2019-09-05T11:40:53+00:00","dateModified":"2019-10-02T08:42:13+00:00","mainEntityOfPage":{"@id":"https:\/\/medlight.pl\/blog\/30-targi-medycyny-naturalnej-zdrowia-i-urody-zepter-krakow\/"},"wordCount":212,"publisher":{"@id":"https:\/\/medlight.pl\/blog\/#organization"},"image":{"@id":"https:\/\/medlight.pl\/blog\/30-targi-medycyny-naturalnej-zdrowia-i-urody-zepter-krakow\/#primaryimage"},"thumbnailUrl":"https:\/\/medlight.pl\/blog\/wp-content\/uploads\/2019\/09\/www_18975_ChemobudowaCT_ogrodnicze_jesien2019_plakat680x980-1-208x300.jpg","keywords":["biotechnologia","biuro","bran\u017ca","dziennik polski","impreza","krak\u00f3w","le\u015bne","niskie ceny","ogrodnictwa","produkty","promocje","rolniczy","serwis","targi","tvp krak\u00f3w","uniwersytet","urody","wystawa","zdrowia","zepter"],"articleSection":["Wydarzenia"],"inLanguage":"pl-PL"},{"@type":"WebPage","@id":"https:\/\/medlight.pl\/blog\/30-targi-medycyny-naturalnej-zdrowia-i-urody-zepter-krakow\/","url":"https:\/\/medlight.pl\/blog\/30-targi-medycyny-naturalnej-zdrowia-i-urody-zepter-krakow\/","name":"31. Targi Medycyny Naturalnej, Zdrowia i Urody > Zepter Krak\u00f3w - Przedstawiciel produkt\u00f3w Zepter \/ Bioptron - Gwarancja Niskich Cen","isPartOf":{"@id":"https:\/\/medlight.pl\/blog\/#website"},"primaryImageOfPage":{"@id":"https:\/\/medlight.pl\/blog\/30-targi-medycyny-naturalnej-zdrowia-i-urody-zepter-krakow\/#primaryimage"},"image":{"@id":"https:\/\/medlight.pl\/blog\/30-targi-medycyny-naturalnej-zdrowia-i-urody-zepter-krakow\/#primaryimage"},"thumbnailUrl":"https:\/\/medlight.pl\/blog\/wp-content\/uploads\/2019\/09\/www_18975_ChemobudowaCT_ogrodnicze_jesien2019_plakat680x980-1-208x300.jpg","datePublished":"2019-09-05T11:40:53+00:00","dateModified":"2019-10-02T08:42:13+00:00","breadcrumb":{"@id":"https:\/\/medlight.pl\/blog\/30-targi-medycyny-naturalnej-zdrowia-i-urody-zepter-krakow\/#breadcrumb"},"inLanguage":"pl-PL","potentialAction":[{"@type":"ReadAction","target":["https:\/\/medlight.pl\/blog\/30-targi-medycyny-naturalnej-zdrowia-i-urody-zepter-krakow\/"]}]},{"@type":"ImageObject","inLanguage":"pl-PL","@id":"https:\/\/medlight.pl\/blog\/30-targi-medycyny-naturalnej-zdrowia-i-urody-zepter-krakow\/#primaryimage","url":"https:\/\/medlight.pl\/blog\/wp-content\/uploads\/2019\/09\/www_18975_ChemobudowaCT_ogrodnicze_jesien2019_plakat680x980-1-208x300.jpg","contentUrl":"https:\/\/medlight.pl\/blog\/wp-content\/uploads\/2019\/09\/www_18975_ChemobudowaCT_ogrodnicze_jesien2019_plakat680x980-1-208x300.jpg","width":208,"height":300},{"@type":"BreadcrumbList","@id":"https:\/\/medlight.pl\/blog\/30-targi-medycyny-naturalnej-zdrowia-i-urody-zepter-krakow\/#breadcrumb","itemListElement":[{"@type":"ListItem","position":1,"name":"Strona g\u0142\u00f3wna","item":"https:\/\/medlight.pl\/blog\/"},{"@type":"ListItem","position":2,"name":"31. Targi Medycyny Naturalnej, Zdrowia i Urody > Zepter Krak\u00f3w"}]},{"@type":"WebSite","@id":"https:\/\/medlight.pl\/blog\/#website","url":"https:\/\/medlight.pl\/blog\/","name":"Przedstawiciel produkt\u00f3w Zepter \/ Bioptron - Gwarancja Niskich Cen","description":"Znajdziesz najwi\u0119cej informacji na temat produkt\u00f3w firmy Zepter \/ Bioptron","publisher":{"@id":"https:\/\/medlight.pl\/blog\/#organization"},"potentialAction":[{"@type":"SearchAction","target":{"@type":"EntryPoint","urlTemplate":"https:\/\/medlight.pl\/blog\/?s={search_term_string}"},"query-input":{"@type":"PropertyValueSpecification","valueRequired":true,"valueName":"search_term_string"}}],"inLanguage":"pl-PL"},{"@type":"Organization","@id":"https:\/\/medlight.pl\/blog\/#organization","name":"MEDLIGHT SYLWIA CHOCH\u00d3\u0141","alternateName":"MEDLIGHT SYLWIA CHOCH\u00d3\u0141","url":"https:\/\/medlight.pl\/blog\/","logo":{"@type":"ImageObject","inLanguage":"pl-PL","@id":"https:\/\/medlight.pl\/blog\/#\/schema\/logo\/image\/","url":"https:\/\/medlight.pl\/blog\/wp-content\/uploads\/2021\/01\/produktyzepter.pl-2.png","contentUrl":"https:\/\/medlight.pl\/blog\/wp-content\/uploads\/2021\/01\/produktyzepter.pl-2.png","width":500,"height":500,"caption":"MEDLIGHT SYLWIA CHOCH\u00d3\u0141"},"image":{"@id":"https:\/\/medlight.pl\/blog\/#\/schema\/logo\/image\/"},"sameAs":["https:\/\/www.facebook.com\/medlightpl-104577625396777","https:\/\/x.com\/sylwiachochol","https:\/\/www.instagram.com\/medlight.pl\/","https:\/\/www.linkedin.com\/in\/sylwia-choch\u00f3\u0142-31a75258\/","https:\/\/nl.pinterest.com\/sylwiachoch\/","https:\/\/www.youtube.com\/channel\/UCPnILazJ-Dh3WV3fvG1S27g"]},{"@type":"Person","@id":"https:\/\/medlight.pl\/blog\/#\/schema\/person\/423f91cf9010dcbeeb690f416f042428","name":"Przedstawiciel Zepter \/ Bioptron","image":{"@type":"ImageObject","inLanguage":"pl-PL","@id":"https:\/\/medlight.pl\/blog\/#\/schema\/person\/image\/","url":"https:\/\/secure.gravatar.com\/avatar\/2e88ce041b2368e17df8abf7cd035323?s=96&d=blank&r=g","contentUrl":"https:\/\/secure.gravatar.com\/avatar\/2e88ce041b2368e17df8abf7cd035323?s=96&d=blank&r=g","caption":"Przedstawiciel Zepter \/ Bioptron"},"sameAs":["https:\/\/medlight.pl","https:\/\/www.facebook.com\/ProduktyZepter","https:\/\/www.instagram.com\/produktyzepter.pl\/?hl=pl","https:\/\/pl.linkedin.com\/in\/sylwia-choch\u00f3\u0142-31a75258","https:\/\/x.com\/https:\/\/twitter.com\/sylwiachochol","https:\/\/www.youtube.com\/channel\/UCPnILazJ-Dh3WV3fvG1S27g"],"url":"https:\/\/medlight.pl\/blog\/author\/admin\/"}]}},"jetpack_featured_media_url":"https:\/\/medlight.pl\/blog\/wp-content\/uploads\/2019\/09\/www_18975_ChemobudowaCT_ogrodnicze_jesien2019_plakat680x980-1-208x300.jpg","jetpack_sharing_enabled":true,"_links":{"self":[{"href":"https:\/\/medlight.pl\/blog\/wp-json\/wp\/v2\/posts\/861"}],"collection":[{"href":"https:\/\/medlight.pl\/blog\/wp-json\/wp\/v2\/posts"}],"about":[{"href":"https:\/\/medlight.pl\/blog\/wp-json\/wp\/v2\/types\/post"}],"author":[{"embeddable":true,"href":"https:\/\/medlight.pl\/blog\/wp-json\/wp\/v2\/users\/1"}],"replies":[{"embeddable":true,"href":"https:\/\/medlight.pl\/blog\/wp-json\/wp\/v2\/comments?post=861"}],"version-history":[{"count":3,"href":"https:\/\/medlight.pl\/blog\/wp-json\/wp\/v2\/posts\/861\/revisions"}],"predecessor-version":[{"id":880,"href":"https:\/\/medlight.pl\/blog\/wp-json\/wp\/v2\/posts\/861\/revisions\/880"}],"wp:featuredmedia":[{"embeddable":true,"href":"https:\/\/medlight.pl\/blog\/wp-json\/wp\/v2\/media\/881"}],"wp:attachment":[{"href":"https:\/\/medlight.pl\/blog\/wp-json\/wp\/v2\/media?parent=861"}],"wp:term":[{"taxonomy":"category","embeddable":true,"href":"https:\/\/medlight.pl\/blog\/wp-json\/wp\/v2\/categories?post=861"},{"taxonomy":"post_tag","embeddable":true,"href":"https:\/\/medlight.pl\/blog\/wp-json\/wp\/v2\/tags?post=861"}],"curies":[{"name":"wp","href":"https:\/\/api.w.org\/{rel}","templated":true}]}}