{"id":894,"date":"2019-11-07T21:22:10","date_gmt":"2019-11-07T20:22:10","guid":{"rendered":"https:\/\/medlight.pl\/blog\/?p=894"},"modified":"2019-11-11T21:32:04","modified_gmt":"2019-11-11T20:32:04","slug":"vi-forum-seniora","status":"publish","type":"post","link":"https:\/\/medlight.pl\/blog\/vi-forum-seniora\/","title":{"rendered":"VI FORUM SENIORA &#8211; Krak\u00f3w 7 listopada 2019"},"content":{"rendered":"<h1 class=\"wp-block-heading\">&#8222;Dziennika Polskiego&#8221;. Wiosna w jesieni \u017cycia.<\/h1><p><\/p><p><strong>Kolejna, jesienna edycja senioralnej konferencji zosta\u0142a po\u015bwi\u0119cona chorobom zwi\u0105zanym ze wzrokiem, problemom urologicznym, zespo\u0142owi s\u0142abo\u015bci, szkodliwo\u015bci cukru i temu, co powinno si\u0119 znale\u017a\u0107 na talerzu seniora.<\/strong><\/p><p>Ponad 500 nestor\u00f3w wzi\u0119\u0142o udzia\u0142 w VI edycji Forum Seniora zorganizowanej przez redakcj\u0119 \u201eDziennika Polskiego\u201d. Tym razem emeryci, kt\u00f3rzy pojawili si\u0119 na dedykowanym im spotkaniu w Auditorium Maximum Uniwersytetu Jagiello\u0144skiego, mogli dowiedzie\u0107 si\u0119, co zrobi\u0107, \u017ceby w jesieni \u017cycia zachowa\u0107 jak najwi\u0119cej wiosennej kondycji cia\u0142a i ducha.<\/p><p>Senioraln\u0105 konferencj\u0119 otworzyli\u00a0redaktor naczelny\u00a0\u201eDziennika Polskiego\u201d Jerzy Su\u0142owski oraz prorektor Uniwersytetu Jagiello\u0144skiego ds. rozwoju prof. dr hab. Dorota Malec.<\/p><p>Prof. Jan Tadeusz Duda, przewodnicz\u0105cy ma\u0142opolskiego sejmiku przypomnia\u0142, jakie dzia\u0142ania podejmuje Urz\u0105d Marsza\u0142kowski z my\u015bl\u0105 o seniorach. <\/p><figure class=\"wp-block-image\"><img decoding=\"async\" src=\"https:\/\/medlight.pl\/blog\/wp-content\/uploads\/2019\/11\/forum-seniora-5.jpg\" alt=\"\" class=\"wp-image-898\"\/><figcaption>Stoisko firmy ZEPTER<\/figcaption><\/figure><p>Nie zabrak\u0142o r\u00f3wnie\u017c naszego stoiska, gdy\u017c zale\u017cy nam na promowaniu zdrowia. Mamy w firmie wiele produkt\u00f3w, kt\u00f3re pomog\u0105 ci rozwi\u0105za\u0107 twoje problemy jak i r\u00f3wnie\u017c funkcjonowanie na co dzie\u0144.<\/p><figure class=\"wp-block-image\"><img decoding=\"async\" src=\"https:\/\/medlight.pl\/blog\/wp-content\/uploads\/2019\/11\/forum-seniora-3.jpg\" alt=\"\" class=\"wp-image-899\"\/><figcaption> <br>Stoisko firmy ZEPTER <\/figcaption><\/figure><p>NASZE PRODUKTY przecie\u017c s\u0142u\u017c\u0105 g\u0142\u00f3wnie dla ZDROWIA i URODY. <\/p><p>Mo\u017cna by\u0142o u nas otrzyma\u0107 informacje o produktach: okulary fulerenowe, aparat Bioptron, Oczyszczacz powietrza Therapy Air iOn, ArtMix &#8211; blender z funkcj\u0105 gotowania, jak i r\u00f3wnie\u017c zapisa\u0107 si\u0119 na bezp\u0142atne zabiegi rehabilitacyjne lub zabiegi odm\u0142adzania.<\/p><div class=\"wp-block-image\"><figure class=\"aligncenter\"><img decoding=\"async\" src=\"https:\/\/medlight.pl\/blog\/wp-content\/uploads\/2019\/11\/forum-seniora-7.jpg\" alt=\"\" class=\"wp-image-896\"\/><figcaption>Na zako\u0144czenie cz\u0119\u015b\u0107 artystyczna.<\/figcaption><\/figure><\/div><p>Udzia\u0142 w Forum Seniora jest bezp\u0142atny, wymagana jest jednak rejestracja telefoniczna.<\/p><p>Patronat honorowy nad konferencj\u0105 obj\u0119li:<\/p><p>JM Rektor Uniwersytetu Jagiello\u0144skiego prof. dr hab. med. Wojciech Nowak<\/p><p>Marsza\u0142ek Wojew\u00f3dztwa Ma\u0142opolskiego Witold Koz\u0142owski<\/p><p><strong>\u201eDziennik Polski\u201d zaprasza na kolejne Forum Seniora.<\/strong> <\/p>","protected":false},"excerpt":{"rendered":"<p>&#8222;Dziennika Polskiego&#8221;. Wiosna w jesieni \u017cycia. Kolejna, jesienna edycja senioralnej konferencji zosta\u0142a po\u015bwi\u0119cona chorobom zwi\u0105zanym ze wzrokiem, problemom urologicznym, zespo\u0142owi s\u0142abo\u015bci, szkodliwo\u015bci cukru i temu, co powinno si\u0119 znale\u017a\u0107 na talerzu seniora. Ponad 500 nestor\u00f3w wzi\u0119\u0142o udzia\u0142 w VI edycji Forum Seniora zorganizowanej przez redakcj\u0119 \u201eDziennika Polskiego\u201d. Tym razem emeryci, kt\u00f3rzy pojawili si\u0119 na dedykowanym im spotkaniu w Auditorium Maximum Uniwersytetu Jagiello\u0144skiego, mogli dowiedzie\u0107 si\u0119, co zrobi\u0107, \u017ceby w jesieni \u017cycia zachowa\u0107 jak najwi\u0119cej wiosennej kondycji cia\u0142a i ducha. Senioraln\u0105 konferencj\u0119 otworzyli\u00a0redaktor naczelny\u00a0\u201eDziennika Polskiego\u201d Jerzy Su\u0142owski oraz prorektor Uniwersytetu Jagiello\u0144skiego ds. rozwoju prof. dr hab. Dorota Malec. Prof. Jan Tadeusz Duda, przewodnicz\u0105cy ma\u0142opolskiego sejmiku przypomnia\u0142, jakie dzia\u0142ania podejmuje Urz\u0105d Marsza\u0142kowski z my\u015bl\u0105 o seniorach. Nie zabrak\u0142o r\u00f3wnie\u017c naszego stoiska, gdy\u017c zale\u017cy nam na promowaniu zdrowia. Mamy w firmie wiele produkt\u00f3w, kt\u00f3re pomog\u0105 ci rozwi\u0105za\u0107 twoje problemy jak i r\u00f3wnie\u017c funkcjonowanie na co dzie\u0144. NASZE PRODUKTY przecie\u017c s\u0142u\u017c\u0105 g\u0142\u00f3wnie dla ZDROWIA i URODY. Mo\u017cna by\u0142o u nas otrzyma\u0107 informacje o produktach: okulary fulerenowe, aparat Bioptron, Oczyszczacz powietrza Therapy Air iOn, ArtMix &#8211; blender z funkcj\u0105 gotowania, jak i r\u00f3wnie\u017c zapisa\u0107 si\u0119 na bezp\u0142atne zabiegi rehabilitacyjne lub zabiegi odm\u0142adzania. Udzia\u0142 w Forum Seniora jest bezp\u0142atny, wymagana jest jednak rejestracja telefoniczna. Patronat honorowy nad konferencj\u0105 obj\u0119li: JM Rektor Uniwersytetu Jagiello\u0144skiego prof. dr hab. med. Wojciech Nowak Marsza\u0142ek Wojew\u00f3dztwa Ma\u0142opolskiego Witold Koz\u0142owski \u201eDziennik Polski\u201d zaprasza na kolejne Forum Seniora.<\/p>\n","protected":false},"author":1,"featured_media":0,"comment_status":"closed","ping_status":"closed","sticky":false,"template":"","format":"standard","meta":{"_monsterinsights_skip_tracking":false,"_monsterinsights_sitenote_active":false,"_monsterinsights_sitenote_note":"","_monsterinsights_sitenote_category":0,"_jetpack_memberships_contains_paid_content":false,"footnotes":""},"categories":[793],"tags":[1484,1479,1481,1393,825,1487,1478,181,1477,1482,1485,1483,1480,36],"class_list":["post-894","post","type-post","status-publish","format-standard","hentry","category-wydarzenia","tag-auditorium-maximum","tag-choroby","tag-cukrzycy","tag-dziennik-polski","tag-forum","tag-jan-tadeusz-duda","tag-jesienna","tag-krakow","tag-seniora","tag-talerz-seniora","tag-uniwersytet-jagielonski","tag-vi-edycja","tag-wzroku","tag-zepter"],"yoast_head":"<!-- This site is optimized with the Yoast SEO plugin v25.3 - https:\/\/yoast.com\/wordpress\/plugins\/seo\/ -->\n<title>VI FORUM SENIORA - Krak\u00f3w 7 listopada 2019 - Przedstawiciel produkt\u00f3w Zepter \/ Bioptron - Gwarancja Niskich Cen<\/title>\n<meta name=\"robots\" content=\"index, follow, max-snippet:-1, max-image-preview:large, max-video-preview:-1\" \/>\n<link rel=\"canonical\" href=\"https:\/\/medlight.pl\/blog\/vi-forum-seniora\/\" \/>\n<meta property=\"og:locale\" content=\"pl_PL\" \/>\n<meta property=\"og:type\" content=\"article\" \/>\n<meta property=\"og:title\" content=\"VI FORUM SENIORA - Krak\u00f3w 7 listopada 2019 - Przedstawiciel produkt\u00f3w Zepter \/ Bioptron - Gwarancja Niskich Cen\" \/>\n<meta property=\"og:description\" content=\"&#8222;Dziennika Polskiego&#8221;. Wiosna w jesieni \u017cycia. Kolejna, jesienna edycja senioralnej konferencji zosta\u0142a po\u015bwi\u0119cona chorobom zwi\u0105zanym ze wzrokiem, problemom urologicznym, zespo\u0142owi s\u0142abo\u015bci, szkodliwo\u015bci cukru i temu, co powinno si\u0119 znale\u017a\u0107 na talerzu seniora. Ponad 500 nestor\u00f3w wzi\u0119\u0142o udzia\u0142 w VI edycji Forum Seniora zorganizowanej przez redakcj\u0119 \u201eDziennika Polskiego\u201d. Tym razem emeryci, kt\u00f3rzy pojawili si\u0119 na dedykowanym im spotkaniu w Auditorium Maximum Uniwersytetu Jagiello\u0144skiego, mogli dowiedzie\u0107 si\u0119, co zrobi\u0107, \u017ceby w jesieni \u017cycia zachowa\u0107 jak najwi\u0119cej wiosennej kondycji cia\u0142a i ducha. Senioraln\u0105 konferencj\u0119 otworzyli\u00a0redaktor naczelny\u00a0\u201eDziennika Polskiego\u201d Jerzy Su\u0142owski oraz prorektor Uniwersytetu Jagiello\u0144skiego ds. rozwoju prof. dr hab. Dorota Malec. Prof. Jan Tadeusz Duda, przewodnicz\u0105cy ma\u0142opolskiego sejmiku przypomnia\u0142, jakie dzia\u0142ania podejmuje Urz\u0105d Marsza\u0142kowski z my\u015bl\u0105 o seniorach. Nie zabrak\u0142o r\u00f3wnie\u017c naszego stoiska, gdy\u017c zale\u017cy nam na promowaniu zdrowia. Mamy w firmie wiele produkt\u00f3w, kt\u00f3re pomog\u0105 ci rozwi\u0105za\u0107 twoje problemy jak i r\u00f3wnie\u017c funkcjonowanie na co dzie\u0144. NASZE PRODUKTY przecie\u017c s\u0142u\u017c\u0105 g\u0142\u00f3wnie dla ZDROWIA i URODY. Mo\u017cna by\u0142o u nas otrzyma\u0107 informacje o produktach: okulary fulerenowe, aparat Bioptron, Oczyszczacz powietrza Therapy Air iOn, ArtMix &#8211; blender z funkcj\u0105 gotowania, jak i r\u00f3wnie\u017c zapisa\u0107 si\u0119 na bezp\u0142atne zabiegi rehabilitacyjne lub zabiegi odm\u0142adzania. Udzia\u0142 w Forum Seniora jest bezp\u0142atny, wymagana jest jednak rejestracja telefoniczna. Patronat honorowy nad konferencj\u0105 obj\u0119li: JM Rektor Uniwersytetu Jagiello\u0144skiego prof. dr hab. med. Wojciech Nowak Marsza\u0142ek Wojew\u00f3dztwa Ma\u0142opolskiego Witold Koz\u0142owski \u201eDziennik Polski\u201d zaprasza na kolejne Forum Seniora.\" \/>\n<meta property=\"og:url\" content=\"https:\/\/medlight.pl\/blog\/vi-forum-seniora\/\" \/>\n<meta property=\"og:site_name\" content=\"Przedstawiciel produkt\u00f3w Zepter \/ Bioptron - Gwarancja Niskich Cen\" \/>\n<meta property=\"article:publisher\" content=\"https:\/\/www.facebook.com\/medlightpl-104577625396777\" \/>\n<meta property=\"article:author\" content=\"https:\/\/www.facebook.com\/ProduktyZepter\" \/>\n<meta property=\"article:published_time\" content=\"2019-11-07T20:22:10+00:00\" \/>\n<meta property=\"article:modified_time\" content=\"2019-11-11T20:32:04+00:00\" \/>\n<meta property=\"og:image\" content=\"https:\/\/medlight.pl\/blog\/wp-content\/uploads\/2019\/11\/forum-seniora-5.jpg\" \/>\n<meta name=\"author\" content=\"Przedstawiciel Zepter \/ Bioptron\" \/>\n<meta name=\"twitter:card\" content=\"summary_large_image\" \/>\n<meta name=\"twitter:creator\" content=\"@https:\/\/twitter.com\/sylwiachochol\" \/>\n<meta name=\"twitter:site\" content=\"@sylwiachochol\" \/>\n<meta name=\"twitter:label1\" content=\"Napisane przez\" \/>\n\t<meta name=\"twitter:data1\" content=\"Przedstawiciel Zepter \/ Bioptron\" \/>\n\t<meta name=\"twitter:label2\" content=\"Szacowany czas czytania\" \/>\n\t<meta name=\"twitter:data2\" content=\"1 minuta\" \/>\n<script type=\"application\/ld+json\" class=\"yoast-schema-graph\">{\"@context\":\"https:\/\/schema.org\",\"@graph\":[{\"@type\":\"Article\",\"@id\":\"https:\/\/medlight.pl\/blog\/vi-forum-seniora\/#article\",\"isPartOf\":{\"@id\":\"https:\/\/medlight.pl\/blog\/vi-forum-seniora\/\"},\"author\":{\"name\":\"Przedstawiciel Zepter \/ Bioptron\",\"@id\":\"https:\/\/medlight.pl\/blog\/#\/schema\/person\/423f91cf9010dcbeeb690f416f042428\"},\"headline\":\"VI FORUM SENIORA &#8211; Krak\u00f3w 7 listopada 2019\",\"datePublished\":\"2019-11-07T20:22:10+00:00\",\"dateModified\":\"2019-11-11T20:32:04+00:00\",\"mainEntityOfPage\":{\"@id\":\"https:\/\/medlight.pl\/blog\/vi-forum-seniora\/\"},\"wordCount\":287,\"publisher\":{\"@id\":\"https:\/\/medlight.pl\/blog\/#organization\"},\"image\":{\"@id\":\"https:\/\/medlight.pl\/blog\/vi-forum-seniora\/#primaryimage\"},\"thumbnailUrl\":\"https:\/\/medlight.pl\/blog\/wp-content\/uploads\/2019\/11\/forum-seniora-5.jpg\",\"keywords\":[\"auditorium maximum\",\"choroby\",\"cukrzycy\",\"dziennik polski\",\"forum\",\"Jan Tadeusz Duda\",\"jesienna\",\"krak\u00f3w\",\"seniora\",\"talerz seniora\",\"uniwersytet jagielo\u0144ski\",\"VI edycja\",\"wzroku\",\"zepter\"],\"articleSection\":[\"Wydarzenia\"],\"inLanguage\":\"pl-PL\"},{\"@type\":\"WebPage\",\"@id\":\"https:\/\/medlight.pl\/blog\/vi-forum-seniora\/\",\"url\":\"https:\/\/medlight.pl\/blog\/vi-forum-seniora\/\",\"name\":\"VI FORUM SENIORA - Krak\u00f3w 7 listopada 2019 - Przedstawiciel produkt\u00f3w Zepter \/ Bioptron - Gwarancja Niskich Cen\",\"isPartOf\":{\"@id\":\"https:\/\/medlight.pl\/blog\/#website\"},\"primaryImageOfPage\":{\"@id\":\"https:\/\/medlight.pl\/blog\/vi-forum-seniora\/#primaryimage\"},\"image\":{\"@id\":\"https:\/\/medlight.pl\/blog\/vi-forum-seniora\/#primaryimage\"},\"thumbnailUrl\":\"https:\/\/medlight.pl\/blog\/wp-content\/uploads\/2019\/11\/forum-seniora-5.jpg\",\"datePublished\":\"2019-11-07T20:22:10+00:00\",\"dateModified\":\"2019-11-11T20:32:04+00:00\",\"breadcrumb\":{\"@id\":\"https:\/\/medlight.pl\/blog\/vi-forum-seniora\/#breadcrumb\"},\"inLanguage\":\"pl-PL\",\"potentialAction\":[{\"@type\":\"ReadAction\",\"target\":[\"https:\/\/medlight.pl\/blog\/vi-forum-seniora\/\"]}]},{\"@type\":\"ImageObject\",\"inLanguage\":\"pl-PL\",\"@id\":\"https:\/\/medlight.pl\/blog\/vi-forum-seniora\/#primaryimage\",\"url\":\"https:\/\/medlight.pl\/blog\/wp-content\/uploads\/2019\/11\/forum-seniora-5.jpg\",\"contentUrl\":\"https:\/\/medlight.pl\/blog\/wp-content\/uploads\/2019\/11\/forum-seniora-5.jpg\"},{\"@type\":\"BreadcrumbList\",\"@id\":\"https:\/\/medlight.pl\/blog\/vi-forum-seniora\/#breadcrumb\",\"itemListElement\":[{\"@type\":\"ListItem\",\"position\":1,\"name\":\"Strona g\u0142\u00f3wna\",\"item\":\"https:\/\/medlight.pl\/blog\/\"},{\"@type\":\"ListItem\",\"position\":2,\"name\":\"VI FORUM SENIORA &#8211; Krak\u00f3w 7 listopada 2019\"}]},{\"@type\":\"WebSite\",\"@id\":\"https:\/\/medlight.pl\/blog\/#website\",\"url\":\"https:\/\/medlight.pl\/blog\/\",\"name\":\"Przedstawiciel produkt\u00f3w Zepter \/ Bioptron - Gwarancja Niskich Cen\",\"description\":\"Znajdziesz najwi\u0119cej informacji na temat produkt\u00f3w firmy Zepter \/ Bioptron\",\"publisher\":{\"@id\":\"https:\/\/medlight.pl\/blog\/#organization\"},\"potentialAction\":[{\"@type\":\"SearchAction\",\"target\":{\"@type\":\"EntryPoint\",\"urlTemplate\":\"https:\/\/medlight.pl\/blog\/?s={search_term_string}\"},\"query-input\":{\"@type\":\"PropertyValueSpecification\",\"valueRequired\":true,\"valueName\":\"search_term_string\"}}],\"inLanguage\":\"pl-PL\"},{\"@type\":\"Organization\",\"@id\":\"https:\/\/medlight.pl\/blog\/#organization\",\"name\":\"MEDLIGHT SYLWIA CHOCH\u00d3\u0141\",\"alternateName\":\"MEDLIGHT SYLWIA CHOCH\u00d3\u0141\",\"url\":\"https:\/\/medlight.pl\/blog\/\",\"logo\":{\"@type\":\"ImageObject\",\"inLanguage\":\"pl-PL\",\"@id\":\"https:\/\/medlight.pl\/blog\/#\/schema\/logo\/image\/\",\"url\":\"https:\/\/medlight.pl\/blog\/wp-content\/uploads\/2021\/01\/produktyzepter.pl-2.png\",\"contentUrl\":\"https:\/\/medlight.pl\/blog\/wp-content\/uploads\/2021\/01\/produktyzepter.pl-2.png\",\"width\":500,\"height\":500,\"caption\":\"MEDLIGHT SYLWIA CHOCH\u00d3\u0141\"},\"image\":{\"@id\":\"https:\/\/medlight.pl\/blog\/#\/schema\/logo\/image\/\"},\"sameAs\":[\"https:\/\/www.facebook.com\/medlightpl-104577625396777\",\"https:\/\/x.com\/sylwiachochol\",\"https:\/\/www.instagram.com\/medlight.pl\/\",\"https:\/\/www.linkedin.com\/in\/sylwia-choch\u00f3\u0142-31a75258\/\",\"https:\/\/nl.pinterest.com\/sylwiachoch\/\",\"https:\/\/www.youtube.com\/channel\/UCPnILazJ-Dh3WV3fvG1S27g\"]},{\"@type\":\"Person\",\"@id\":\"https:\/\/medlight.pl\/blog\/#\/schema\/person\/423f91cf9010dcbeeb690f416f042428\",\"name\":\"Przedstawiciel Zepter \/ Bioptron\",\"image\":{\"@type\":\"ImageObject\",\"inLanguage\":\"pl-PL\",\"@id\":\"https:\/\/medlight.pl\/blog\/#\/schema\/person\/image\/\",\"url\":\"https:\/\/secure.gravatar.com\/avatar\/2e88ce041b2368e17df8abf7cd035323?s=96&d=blank&r=g\",\"contentUrl\":\"https:\/\/secure.gravatar.com\/avatar\/2e88ce041b2368e17df8abf7cd035323?s=96&d=blank&r=g\",\"caption\":\"Przedstawiciel Zepter \/ Bioptron\"},\"sameAs\":[\"https:\/\/medlight.pl\",\"https:\/\/www.facebook.com\/ProduktyZepter\",\"https:\/\/www.instagram.com\/produktyzepter.pl\/?hl=pl\",\"https:\/\/pl.linkedin.com\/in\/sylwia-choch\u00f3\u0142-31a75258\",\"https:\/\/x.com\/https:\/\/twitter.com\/sylwiachochol\",\"https:\/\/www.youtube.com\/channel\/UCPnILazJ-Dh3WV3fvG1S27g\"],\"url\":\"https:\/\/medlight.pl\/blog\/author\/admin\/\"}]}<\/script>\n<!-- \/ Yoast SEO plugin. -->","yoast_head_json":{"title":"VI FORUM SENIORA - Krak\u00f3w 7 listopada 2019 - Przedstawiciel produkt\u00f3w Zepter \/ Bioptron - Gwarancja Niskich Cen","robots":{"index":"index","follow":"follow","max-snippet":"max-snippet:-1","max-image-preview":"max-image-preview:large","max-video-preview":"max-video-preview:-1"},"canonical":"https:\/\/medlight.pl\/blog\/vi-forum-seniora\/","og_locale":"pl_PL","og_type":"article","og_title":"VI FORUM SENIORA - Krak\u00f3w 7 listopada 2019 - Przedstawiciel produkt\u00f3w Zepter \/ Bioptron - Gwarancja Niskich Cen","og_description":"&#8222;Dziennika Polskiego&#8221;. Wiosna w jesieni \u017cycia. Kolejna, jesienna edycja senioralnej konferencji zosta\u0142a po\u015bwi\u0119cona chorobom zwi\u0105zanym ze wzrokiem, problemom urologicznym, zespo\u0142owi s\u0142abo\u015bci, szkodliwo\u015bci cukru i temu, co powinno si\u0119 znale\u017a\u0107 na talerzu seniora. Ponad 500 nestor\u00f3w wzi\u0119\u0142o udzia\u0142 w VI edycji Forum Seniora zorganizowanej przez redakcj\u0119 \u201eDziennika Polskiego\u201d. Tym razem emeryci, kt\u00f3rzy pojawili si\u0119 na dedykowanym im spotkaniu w Auditorium Maximum Uniwersytetu Jagiello\u0144skiego, mogli dowiedzie\u0107 si\u0119, co zrobi\u0107, \u017ceby w jesieni \u017cycia zachowa\u0107 jak najwi\u0119cej wiosennej kondycji cia\u0142a i ducha. Senioraln\u0105 konferencj\u0119 otworzyli\u00a0redaktor naczelny\u00a0\u201eDziennika Polskiego\u201d Jerzy Su\u0142owski oraz prorektor Uniwersytetu Jagiello\u0144skiego ds. rozwoju prof. dr hab. Dorota Malec. Prof. Jan Tadeusz Duda, przewodnicz\u0105cy ma\u0142opolskiego sejmiku przypomnia\u0142, jakie dzia\u0142ania podejmuje Urz\u0105d Marsza\u0142kowski z my\u015bl\u0105 o seniorach. Nie zabrak\u0142o r\u00f3wnie\u017c naszego stoiska, gdy\u017c zale\u017cy nam na promowaniu zdrowia. Mamy w firmie wiele produkt\u00f3w, kt\u00f3re pomog\u0105 ci rozwi\u0105za\u0107 twoje problemy jak i r\u00f3wnie\u017c funkcjonowanie na co dzie\u0144. NASZE PRODUKTY przecie\u017c s\u0142u\u017c\u0105 g\u0142\u00f3wnie dla ZDROWIA i URODY. Mo\u017cna by\u0142o u nas otrzyma\u0107 informacje o produktach: okulary fulerenowe, aparat Bioptron, Oczyszczacz powietrza Therapy Air iOn, ArtMix &#8211; blender z funkcj\u0105 gotowania, jak i r\u00f3wnie\u017c zapisa\u0107 si\u0119 na bezp\u0142atne zabiegi rehabilitacyjne lub zabiegi odm\u0142adzania. Udzia\u0142 w Forum Seniora jest bezp\u0142atny, wymagana jest jednak rejestracja telefoniczna. Patronat honorowy nad konferencj\u0105 obj\u0119li: JM Rektor Uniwersytetu Jagiello\u0144skiego prof. dr hab. med. Wojciech Nowak Marsza\u0142ek Wojew\u00f3dztwa Ma\u0142opolskiego Witold Koz\u0142owski \u201eDziennik Polski\u201d zaprasza na kolejne Forum Seniora.","og_url":"https:\/\/medlight.pl\/blog\/vi-forum-seniora\/","og_site_name":"Przedstawiciel produkt\u00f3w Zepter \/ Bioptron - Gwarancja Niskich Cen","article_publisher":"https:\/\/www.facebook.com\/medlightpl-104577625396777","article_author":"https:\/\/www.facebook.com\/ProduktyZepter","article_published_time":"2019-11-07T20:22:10+00:00","article_modified_time":"2019-11-11T20:32:04+00:00","og_image":[{"url":"https:\/\/medlight.pl\/blog\/wp-content\/uploads\/2019\/11\/forum-seniora-5.jpg","type":"","width":"","height":""}],"author":"Przedstawiciel Zepter \/ Bioptron","twitter_card":"summary_large_image","twitter_creator":"@https:\/\/twitter.com\/sylwiachochol","twitter_site":"@sylwiachochol","twitter_misc":{"Napisane przez":"Przedstawiciel Zepter \/ Bioptron","Szacowany czas czytania":"1 minuta"},"schema":{"@context":"https:\/\/schema.org","@graph":[{"@type":"Article","@id":"https:\/\/medlight.pl\/blog\/vi-forum-seniora\/#article","isPartOf":{"@id":"https:\/\/medlight.pl\/blog\/vi-forum-seniora\/"},"author":{"name":"Przedstawiciel Zepter \/ Bioptron","@id":"https:\/\/medlight.pl\/blog\/#\/schema\/person\/423f91cf9010dcbeeb690f416f042428"},"headline":"VI FORUM SENIORA &#8211; Krak\u00f3w 7 listopada 2019","datePublished":"2019-11-07T20:22:10+00:00","dateModified":"2019-11-11T20:32:04+00:00","mainEntityOfPage":{"@id":"https:\/\/medlight.pl\/blog\/vi-forum-seniora\/"},"wordCount":287,"publisher":{"@id":"https:\/\/medlight.pl\/blog\/#organization"},"image":{"@id":"https:\/\/medlight.pl\/blog\/vi-forum-seniora\/#primaryimage"},"thumbnailUrl":"https:\/\/medlight.pl\/blog\/wp-content\/uploads\/2019\/11\/forum-seniora-5.jpg","keywords":["auditorium maximum","choroby","cukrzycy","dziennik polski","forum","Jan Tadeusz Duda","jesienna","krak\u00f3w","seniora","talerz seniora","uniwersytet jagielo\u0144ski","VI edycja","wzroku","zepter"],"articleSection":["Wydarzenia"],"inLanguage":"pl-PL"},{"@type":"WebPage","@id":"https:\/\/medlight.pl\/blog\/vi-forum-seniora\/","url":"https:\/\/medlight.pl\/blog\/vi-forum-seniora\/","name":"VI FORUM SENIORA - Krak\u00f3w 7 listopada 2019 - Przedstawiciel produkt\u00f3w Zepter \/ Bioptron - Gwarancja Niskich Cen","isPartOf":{"@id":"https:\/\/medlight.pl\/blog\/#website"},"primaryImageOfPage":{"@id":"https:\/\/medlight.pl\/blog\/vi-forum-seniora\/#primaryimage"},"image":{"@id":"https:\/\/medlight.pl\/blog\/vi-forum-seniora\/#primaryimage"},"thumbnailUrl":"https:\/\/medlight.pl\/blog\/wp-content\/uploads\/2019\/11\/forum-seniora-5.jpg","datePublished":"2019-11-07T20:22:10+00:00","dateModified":"2019-11-11T20:32:04+00:00","breadcrumb":{"@id":"https:\/\/medlight.pl\/blog\/vi-forum-seniora\/#breadcrumb"},"inLanguage":"pl-PL","potentialAction":[{"@type":"ReadAction","target":["https:\/\/medlight.pl\/blog\/vi-forum-seniora\/"]}]},{"@type":"ImageObject","inLanguage":"pl-PL","@id":"https:\/\/medlight.pl\/blog\/vi-forum-seniora\/#primaryimage","url":"https:\/\/medlight.pl\/blog\/wp-content\/uploads\/2019\/11\/forum-seniora-5.jpg","contentUrl":"https:\/\/medlight.pl\/blog\/wp-content\/uploads\/2019\/11\/forum-seniora-5.jpg"},{"@type":"BreadcrumbList","@id":"https:\/\/medlight.pl\/blog\/vi-forum-seniora\/#breadcrumb","itemListElement":[{"@type":"ListItem","position":1,"name":"Strona g\u0142\u00f3wna","item":"https:\/\/medlight.pl\/blog\/"},{"@type":"ListItem","position":2,"name":"VI FORUM SENIORA &#8211; Krak\u00f3w 7 listopada 2019"}]},{"@type":"WebSite","@id":"https:\/\/medlight.pl\/blog\/#website","url":"https:\/\/medlight.pl\/blog\/","name":"Przedstawiciel produkt\u00f3w Zepter \/ Bioptron - Gwarancja Niskich Cen","description":"Znajdziesz najwi\u0119cej informacji na temat produkt\u00f3w firmy Zepter \/ Bioptron","publisher":{"@id":"https:\/\/medlight.pl\/blog\/#organization"},"potentialAction":[{"@type":"SearchAction","target":{"@type":"EntryPoint","urlTemplate":"https:\/\/medlight.pl\/blog\/?s={search_term_string}"},"query-input":{"@type":"PropertyValueSpecification","valueRequired":true,"valueName":"search_term_string"}}],"inLanguage":"pl-PL"},{"@type":"Organization","@id":"https:\/\/medlight.pl\/blog\/#organization","name":"MEDLIGHT SYLWIA CHOCH\u00d3\u0141","alternateName":"MEDLIGHT SYLWIA CHOCH\u00d3\u0141","url":"https:\/\/medlight.pl\/blog\/","logo":{"@type":"ImageObject","inLanguage":"pl-PL","@id":"https:\/\/medlight.pl\/blog\/#\/schema\/logo\/image\/","url":"https:\/\/medlight.pl\/blog\/wp-content\/uploads\/2021\/01\/produktyzepter.pl-2.png","contentUrl":"https:\/\/medlight.pl\/blog\/wp-content\/uploads\/2021\/01\/produktyzepter.pl-2.png","width":500,"height":500,"caption":"MEDLIGHT SYLWIA CHOCH\u00d3\u0141"},"image":{"@id":"https:\/\/medlight.pl\/blog\/#\/schema\/logo\/image\/"},"sameAs":["https:\/\/www.facebook.com\/medlightpl-104577625396777","https:\/\/x.com\/sylwiachochol","https:\/\/www.instagram.com\/medlight.pl\/","https:\/\/www.linkedin.com\/in\/sylwia-choch\u00f3\u0142-31a75258\/","https:\/\/nl.pinterest.com\/sylwiachoch\/","https:\/\/www.youtube.com\/channel\/UCPnILazJ-Dh3WV3fvG1S27g"]},{"@type":"Person","@id":"https:\/\/medlight.pl\/blog\/#\/schema\/person\/423f91cf9010dcbeeb690f416f042428","name":"Przedstawiciel Zepter \/ Bioptron","image":{"@type":"ImageObject","inLanguage":"pl-PL","@id":"https:\/\/medlight.pl\/blog\/#\/schema\/person\/image\/","url":"https:\/\/secure.gravatar.com\/avatar\/2e88ce041b2368e17df8abf7cd035323?s=96&d=blank&r=g","contentUrl":"https:\/\/secure.gravatar.com\/avatar\/2e88ce041b2368e17df8abf7cd035323?s=96&d=blank&r=g","caption":"Przedstawiciel Zepter \/ Bioptron"},"sameAs":["https:\/\/medlight.pl","https:\/\/www.facebook.com\/ProduktyZepter","https:\/\/www.instagram.com\/produktyzepter.pl\/?hl=pl","https:\/\/pl.linkedin.com\/in\/sylwia-choch\u00f3\u0142-31a75258","https:\/\/x.com\/https:\/\/twitter.com\/sylwiachochol","https:\/\/www.youtube.com\/channel\/UCPnILazJ-Dh3WV3fvG1S27g"],"url":"https:\/\/medlight.pl\/blog\/author\/admin\/"}]}},"jetpack_featured_media_url":"","jetpack_sharing_enabled":true,"_links":{"self":[{"href":"https:\/\/medlight.pl\/blog\/wp-json\/wp\/v2\/posts\/894"}],"collection":[{"href":"https:\/\/medlight.pl\/blog\/wp-json\/wp\/v2\/posts"}],"about":[{"href":"https:\/\/medlight.pl\/blog\/wp-json\/wp\/v2\/types\/post"}],"author":[{"embeddable":true,"href":"https:\/\/medlight.pl\/blog\/wp-json\/wp\/v2\/users\/1"}],"replies":[{"embeddable":true,"href":"https:\/\/medlight.pl\/blog\/wp-json\/wp\/v2\/comments?post=894"}],"version-history":[{"count":5,"href":"https:\/\/medlight.pl\/blog\/wp-json\/wp\/v2\/posts\/894\/revisions"}],"predecessor-version":[{"id":904,"href":"https:\/\/medlight.pl\/blog\/wp-json\/wp\/v2\/posts\/894\/revisions\/904"}],"wp:attachment":[{"href":"https:\/\/medlight.pl\/blog\/wp-json\/wp\/v2\/media?parent=894"}],"wp:term":[{"taxonomy":"category","embeddable":true,"href":"https:\/\/medlight.pl\/blog\/wp-json\/wp\/v2\/categories?post=894"},{"taxonomy":"post_tag","embeddable":true,"href":"https:\/\/medlight.pl\/blog\/wp-json\/wp\/v2\/tags?post=894"}],"curies":[{"name":"wp","href":"https:\/\/api.w.org\/{rel}","templated":true}]}}